{"id":30230,"date":"2020-07-06T14:15:58","date_gmt":"2020-07-06T17:15:58","guid":{"rendered":"https:\/\/laurbedigital.com.ar\/noticias\/?p=30230"},"modified":"2020-07-06T14:31:40","modified_gmt":"2020-07-06T17:31:40","slug":"30230","status":"publish","type":"post","link":"https:\/\/laurbedigital.com.ar\/noticias\/2020\/07\/06\/30230\/","title":{"rendered":"Imputan a m\u00e1s de 30 personas por violar la cuarentena con una fiesta"},"content":{"rendered":"<p>&nbsp;<\/p>\n<h5>La informaci\u00f3n policial detall\u00f3 que 33 de ellos, incluido el propietario de la vivienda, fueron identificados y notificados de la causa sumarial penal, en tanto que alrededor de una decena se fug\u00f3.<\/h5>\n<p><strong>Un total de 33 personas fueron imputadas por violar el aislamiento social, preventivo y obligatorio al participar en una fiesta en la localidad cordobesa de Mina Clavero, en el valle de Traslasierra, se inform\u00f3 este domingo.<\/strong><\/p>\n<p>De acuerdo a la informaci\u00f3n suministrada por la polic\u00eda, en las primeras hora de hoy se realiz\u00f3 un procedimiento, a partir de un llamado an\u00f3nimo, en una vivienda particular del barrio Maythe, donde unas 40 personas participaban de una fiesta privada.<\/p>\n<p>En todos los casos deber\u00e1n responder ante la Unidad Fiscal de Emergencia Sanitaria (UFES) por el delito contemplado en el art\u00edculo 205 del C\u00f3digo Penal, que establece penas de seis meses a dos a\u00f1os de prisi\u00f3n por violar medidas adoptadas por las autoridades competentes, para impedir la introducci\u00f3n o propagaci\u00f3n de una epidemia, en este caso la de coronavirus.<\/p>\n<p>&nbsp;<\/p>\n<p>&nbsp;<\/p>\n","protected":false},"excerpt":{"rendered":"<p>&nbsp; La informaci\u00f3n policial detall\u00f3 que 33 de ellos, incluido el propietario de la vivienda, fueron identificados y notificados de<\/p>\n","protected":false},"author":1,"featured_media":30231,"comment_status":"closed","ping_status":"closed","sticky":false,"template":"","format":"standard","meta":{"kia_subtitle":"","footnotes":"","jetpack_publicize_message":"","jetpack_publicize_feature_enabled":true,"jetpack_social_post_already_shared":true,"jetpack_social_options":{"image_generator_settings":{"template":"highway","default_image_id":0,"font":"","enabled":false},"version":2}},"categories":[8],"tags":[],"class_list":["post-30230","post","type-post","status-publish","format-standard","has-post-thumbnail","hentry","category-policiales"],"jetpack_publicize_connections":[],"jetpack_featured_media_url":"https:\/\/laurbedigital.com.ar\/noticias\/wp-content\/uploads\/2020\/07\/20200706-detenidos.jpg","_links":{"self":[{"href":"https:\/\/laurbedigital.com.ar\/noticias\/wp-json\/wp\/v2\/posts\/30230","targetHints":{"allow":["GET"]}}],"collection":[{"href":"https:\/\/laurbedigital.com.ar\/noticias\/wp-json\/wp\/v2\/posts"}],"about":[{"href":"https:\/\/laurbedigital.com.ar\/noticias\/wp-json\/wp\/v2\/types\/post"}],"author":[{"embeddable":true,"href":"https:\/\/laurbedigital.com.ar\/noticias\/wp-json\/wp\/v2\/users\/1"}],"replies":[{"embeddable":true,"href":"https:\/\/laurbedigital.com.ar\/noticias\/wp-json\/wp\/v2\/comments?post=30230"}],"version-history":[{"count":1,"href":"https:\/\/laurbedigital.com.ar\/noticias\/wp-json\/wp\/v2\/posts\/30230\/revisions"}],"predecessor-version":[{"id":30232,"href":"https:\/\/laurbedigital.com.ar\/noticias\/wp-json\/wp\/v2\/posts\/30230\/revisions\/30232"}],"wp:featuredmedia":[{"embeddable":true,"href":"https:\/\/laurbedigital.com.ar\/noticias\/wp-json\/wp\/v2\/media\/30231"}],"wp:attachment":[{"href":"https:\/\/laurbedigital.com.ar\/noticias\/wp-json\/wp\/v2\/media?parent=30230"}],"wp:term":[{"taxonomy":"category","embeddable":true,"href":"https:\/\/laurbedigital.com.ar\/noticias\/wp-json\/wp\/v2\/categories?post=30230"},{"taxonomy":"post_tag","embeddable":true,"href":"https:\/\/laurbedigital.com.ar\/noticias\/wp-json\/wp\/v2\/tags?post=30230"}],"curies":[{"name":"wp","href":"https:\/\/api.w.org\/{rel}","templated":true}]}}