{"id":2946,"date":"2016-04-21T11:10:04","date_gmt":"2016-04-21T14:10:04","guid":{"rendered":"http:\/\/laurbedigital.com.ar\/noticias\/?p=2946"},"modified":"2016-04-21T11:10:04","modified_gmt":"2016-04-21T14:10:04","slug":"mas-del-60-tiene-una-vision-negativa-de-la-economia-del-pais","status":"publish","type":"post","link":"https:\/\/laurbedigital.com.ar\/noticias\/2016\/04\/21\/mas-del-60-tiene-una-vision-negativa-de-la-economia-del-pais\/","title":{"rendered":"M\u00e1s del 60 % tiene una visi\u00f3n negativa de la econom\u00eda del pa\u00eds"},"content":{"rendered":"<p>Un relevamiento detalla que hay una mala percepci\u00f3n de la situaci\u00f3n econ\u00f3mica para el a\u00f1o que viene\u00b7 Para el 25,2 % la situaci\u00f3n econ\u00f3mica es \u00abmuy mala\u00bb.<\/p>\n<p>La situaci\u00f3n econ\u00f3mica actual del pa\u00eds es percibida, seg\u00fan detalla una encuesta de Ibar\u00f3metro, de manera negativa por el 66,7% de los consultados. El panorama detalla que el 25,2% describe la situaci\u00f3n econ\u00f3mica actual como \u00abmuy mala\u00bb y el 41,5% como \u00abmala\u00bb.<\/p>\n<p>Adem\u00e1s, la percepci\u00f3n de cara al futuro no es el mejor. El 26,4% cree que la situaci\u00f3n econom\u00edca del pa\u00eds el a\u00f1o que viene empeorar\u00e1 y el 14,2% que ser\u00e1 igual de mal.<\/p>\n<p>El sondeo, que contempla 1200 casos, se\u00f1ala tambi\u00e9n que el futuro del pa\u00eds, con las medidas adoptadas por el gobierno de Mauricio Macri, inspira un 51,2% de sentimientos negativos.<\/p>\n<p>En cuanto a los problemas que afronta el pa\u00eds, la corrupci\u00f3n es la que genera mayor preocupaci\u00f3n (24,4%), seguida por la inflaci\u00f3n (16,4%) y por el desempleo (15%). Pese a este panorama, el Gobierno nacional tiene un 52,7% de imagen positiva contra el 40% de imagen negativa.<\/p>\n<p>&nbsp;<\/p>\n","protected":false},"excerpt":{"rendered":"<p>Un relevamiento detalla que hay una mala percepci\u00f3n de la situaci\u00f3n econ\u00f3mica para el a\u00f1o que viene\u00b7 Para el 25,2<\/p>\n","protected":false},"author":1,"featured_media":2947,"comment_status":"closed","ping_status":"closed","sticky":false,"template":"","format":"standard","meta":{"kia_subtitle":"","footnotes":"","jetpack_publicize_message":"","jetpack_publicize_feature_enabled":true,"jetpack_social_post_already_shared":true,"jetpack_social_options":{"image_generator_settings":{"template":"highway","default_image_id":0,"font":"","enabled":false},"version":2}},"categories":[3,41],"tags":[],"class_list":["post-2946","post","type-post","status-publish","format-standard","has-post-thumbnail","hentry","category-actualidad","category-nacionales"],"jetpack_publicize_connections":[],"jetpack_featured_media_url":"https:\/\/laurbedigital.com.ar\/noticias\/wp-content\/uploads\/2016\/04\/20160421-nac.jpg","_links":{"self":[{"href":"https:\/\/laurbedigital.com.ar\/noticias\/wp-json\/wp\/v2\/posts\/2946","targetHints":{"allow":["GET"]}}],"collection":[{"href":"https:\/\/laurbedigital.com.ar\/noticias\/wp-json\/wp\/v2\/posts"}],"about":[{"href":"https:\/\/laurbedigital.com.ar\/noticias\/wp-json\/wp\/v2\/types\/post"}],"author":[{"embeddable":true,"href":"https:\/\/laurbedigital.com.ar\/noticias\/wp-json\/wp\/v2\/users\/1"}],"replies":[{"embeddable":true,"href":"https:\/\/laurbedigital.com.ar\/noticias\/wp-json\/wp\/v2\/comments?post=2946"}],"version-history":[{"count":1,"href":"https:\/\/laurbedigital.com.ar\/noticias\/wp-json\/wp\/v2\/posts\/2946\/revisions"}],"predecessor-version":[{"id":2948,"href":"https:\/\/laurbedigital.com.ar\/noticias\/wp-json\/wp\/v2\/posts\/2946\/revisions\/2948"}],"wp:featuredmedia":[{"embeddable":true,"href":"https:\/\/laurbedigital.com.ar\/noticias\/wp-json\/wp\/v2\/media\/2947"}],"wp:attachment":[{"href":"https:\/\/laurbedigital.com.ar\/noticias\/wp-json\/wp\/v2\/media?parent=2946"}],"wp:term":[{"taxonomy":"category","embeddable":true,"href":"https:\/\/laurbedigital.com.ar\/noticias\/wp-json\/wp\/v2\/categories?post=2946"},{"taxonomy":"post_tag","embeddable":true,"href":"https:\/\/laurbedigital.com.ar\/noticias\/wp-json\/wp\/v2\/tags?post=2946"}],"curies":[{"name":"wp","href":"https:\/\/api.w.org\/{rel}","templated":true}]}}