{"id":2925,"date":"2016-04-20T11:38:52","date_gmt":"2016-04-20T14:38:52","guid":{"rendered":"http:\/\/laurbedigital.com.ar\/noticias\/?p=2925"},"modified":"2016-04-20T11:38:52","modified_gmt":"2016-04-20T14:38:52","slug":"llegan-a-claypole-y-glew-las-ferias-de-emprendedores-del-municipio-de-almirante-brown","status":"publish","type":"post","link":"https:\/\/laurbedigital.com.ar\/noticias\/2016\/04\/20\/llegan-a-claypole-y-glew-las-ferias-de-emprendedores-del-municipio-de-almirante-brown\/","title":{"rendered":"Llegan a Claypole y Glew las ferias de emprendedores del Municipio de Almirante Brown"},"content":{"rendered":"<p>Organizadas por el Municipio browniano que conduce Mariano Cascallares, esta semana se realizar\u00e1n nuevas rondas de comercializaci\u00f3n de emprendedores y artesanos locales en las localidades de Claypole y Glew.<\/p>\n<p>Se trata del\u00a0 tercer\u00a0 Encuentro de Comercializaci\u00f3n, Eventos Gastron\u00f3micos, Infantiles y Culturales de Almirante Brown, que promueve la Secretar\u00eda de Producci\u00f3n y Empleo, a trav\u00e9s del Instituto para el Desarrollo Econ\u00f3mico con Inclusi\u00f3n Social (IDEIS).<\/p>\n<p>Los eventos comerciales tendr\u00e1n lugar del jueves 21 al domingo 24 de abril en el play\u00f3n de la estaci\u00f3n ferroviaria de Claypole, sobre la calle 17 de Octubre; y en el circuito cicl\u00edstico \u00abH\u00e9ctor Durando\u00bb, en Patria y Newbery, frente a la estaci\u00f3n de Glew.<\/p>\n<p>Este Jueves y viernes los paseos funcionar\u00e1n de 11 a 23, el s\u00e1bado de 11 a 23 y el pr\u00f3ximo domingo de 11 a 22.<\/p>\n<p>Estos encuentros se vienen realizando en las diversas localidades del distrito, para que los emprendedores locales puedan mostrar y comercializar sus productos, dentro de un clima familiar orientado a que los vecinos puedan disfrutar a su vez de puestos de artesanos, patio de comidas, juegos infantiles y espect\u00e1culos art\u00edsticos cerca de sus hogares.<\/p>\n","protected":false},"excerpt":{"rendered":"<p>Organizadas por el Municipio browniano que conduce Mariano Cascallares, esta semana se realizar\u00e1n nuevas rondas de comercializaci\u00f3n de emprendedores y<\/p>\n","protected":false},"author":1,"featured_media":2926,"comment_status":"closed","ping_status":"closed","sticky":false,"template":"","format":"standard","meta":{"kia_subtitle":"","footnotes":"","jetpack_publicize_message":"","jetpack_publicize_feature_enabled":true,"jetpack_social_post_already_shared":true,"jetpack_social_options":{"image_generator_settings":{"template":"highway","default_image_id":0,"font":"","enabled":false},"version":2}},"categories":[33,2],"tags":[],"class_list":["post-2925","post","type-post","status-publish","format-standard","has-post-thumbnail","hentry","category-alte-brown-alte-brown","category-alte-brown"],"jetpack_publicize_connections":[],"jetpack_featured_media_url":"https:\/\/laurbedigital.com.ar\/noticias\/wp-content\/uploads\/2016\/04\/20160420-brown.jpg","_links":{"self":[{"href":"https:\/\/laurbedigital.com.ar\/noticias\/wp-json\/wp\/v2\/posts\/2925","targetHints":{"allow":["GET"]}}],"collection":[{"href":"https:\/\/laurbedigital.com.ar\/noticias\/wp-json\/wp\/v2\/posts"}],"about":[{"href":"https:\/\/laurbedigital.com.ar\/noticias\/wp-json\/wp\/v2\/types\/post"}],"author":[{"embeddable":true,"href":"https:\/\/laurbedigital.com.ar\/noticias\/wp-json\/wp\/v2\/users\/1"}],"replies":[{"embeddable":true,"href":"https:\/\/laurbedigital.com.ar\/noticias\/wp-json\/wp\/v2\/comments?post=2925"}],"version-history":[{"count":1,"href":"https:\/\/laurbedigital.com.ar\/noticias\/wp-json\/wp\/v2\/posts\/2925\/revisions"}],"predecessor-version":[{"id":2927,"href":"https:\/\/laurbedigital.com.ar\/noticias\/wp-json\/wp\/v2\/posts\/2925\/revisions\/2927"}],"wp:featuredmedia":[{"embeddable":true,"href":"https:\/\/laurbedigital.com.ar\/noticias\/wp-json\/wp\/v2\/media\/2926"}],"wp:attachment":[{"href":"https:\/\/laurbedigital.com.ar\/noticias\/wp-json\/wp\/v2\/media?parent=2925"}],"wp:term":[{"taxonomy":"category","embeddable":true,"href":"https:\/\/laurbedigital.com.ar\/noticias\/wp-json\/wp\/v2\/categories?post=2925"},{"taxonomy":"post_tag","embeddable":true,"href":"https:\/\/laurbedigital.com.ar\/noticias\/wp-json\/wp\/v2\/tags?post=2925"}],"curies":[{"name":"wp","href":"https:\/\/api.w.org\/{rel}","templated":true}]}}