{"id":28546,"date":"2020-06-13T21:02:52","date_gmt":"2020-06-14T00:02:52","guid":{"rendered":"https:\/\/laurbedigital.com.ar\/noticias\/?p=28546"},"modified":"2020-06-13T21:02:52","modified_gmt":"2020-06-14T00:02:52","slug":"nuevo-record-de-contagios-en-un-dia-1-531-y-los-muertos-llegan-a-815","status":"publish","type":"post","link":"https:\/\/laurbedigital.com.ar\/noticias\/2020\/06\/13\/nuevo-record-de-contagios-en-un-dia-1-531-y-los-muertos-llegan-a-815\/","title":{"rendered":"Nuevo r\u00e9cord de contagios en un d\u00eda, 1.531, y los muertos llegan a 815"},"content":{"rendered":"<p>&nbsp;<\/p>\n<h5>Los casos positivos acumulados pasaron los 30.000 infectados desde el inicio de la pandemia en la Argentina, inform\u00f3 hoy el Ministerio de Salud de la Naci\u00f3n.<\/h5>\n<p>La cartera sanitaria inform\u00f3 de 13 decesos en su parte vespertino, los que se suman a los 17 reportados por la ma\u00f1ana.<\/p>\n<p>De los 13 fallecidos registrados a la tarde, seis son hombres, tres de 73, 62 y 61, residentes en la provincia de Buenos Aires; dos de 87 y 88 a\u00f1os de la ciudad de Buenos Aires y uno de 64 a\u00f1os,de la provincia de R\u00edo Negro.<\/p>\n<p>Tambi\u00e9n fallecieron siete mujeres, cuatro de 45, 75, 29 y 45 a\u00f1os residentes en la provincia de Buenos Aires; dos de 74 y 82 a\u00f1os de la ciudad de Buenos Aires y una de 73 a\u00f1os de la provincia de R\u00edo Negro.<\/p>\n<p>Del total de esos casos, 1.011 (3,3%) son importados, 11.950 (39,4%) son contactos estrechos de casos confirmados, 11.707 (38,6%) son casos de circulaci\u00f3n comunitaria y el resto se encuentra en investigaci\u00f3n epidemiol\u00f3gica.<\/p>\n<p>Hoy se confirmaron 849 casos positivos de la provincia de Buenos Aires, 558 de la Ciudad de Buenos Aires, 49 del Chaco, 26 de Formosa, 13 de R\u00edo Negro y de Neuqu\u00e9n, 9 de Chubut, 6 de C\u00f3rdoba, 2 de Salta y Entre R\u00edos y uno caada uno en la sprovincias de Corrientes, San Juan, Santa Fe y Tucum\u00e1n.<\/p>\n<p>En cuanto a los casos acumulados desde el inicio de la pandema, la Ciudad de Buenos Aires totaliza 14.149 casos, la provincia de Buenos Aires 12.561, Chaco 1.299, R\u00edo Negro 546, C\u00f3rdoba 489, Santa Fe 285, Neuqu\u00e9n 200, Tierra del Fuego 149, Mendoza 105, Corrientes 101, Entre R\u00edos 71, La Rioja 64, Santa Cruz 51, Tucum\u00e1n 50, Chubut 39, Misiones 37, Formosa 27 , Santiago del Estero 22, Salta 19, San Luis 11, Jujuy 8, San Juan 7 y La Pampa 5.<\/p>\n<p>En tanto, la provincia de Catamarca es la \u00fanica jurisdicci\u00f3n del pa\u00eds que no tiene casos positivos de Covid-19<\/p>\n<p>El Ministerio de Salud incluy\u00f3 a Tierra del Fuego 13 casos existentes en las Islas Malvinas seg\u00fan informaci\u00f3n de prensa (debido a la ocupaci\u00f3n ilegal del Reino Unido, Gran Breta\u00f1a e Irlanda del Norte no es posible contar con informaci\u00f3n propia sobre el impacto del COVID -19 en esa parte del territorio argentino).<\/p>\n<p>&nbsp;<\/p>\n<p>&nbsp;<\/p>\n","protected":false},"excerpt":{"rendered":"<p>&nbsp; Los casos positivos acumulados pasaron los 30.000 infectados desde el inicio de la pandemia en la Argentina, inform\u00f3 hoy<\/p>\n","protected":false},"author":1,"featured_media":28547,"comment_status":"closed","ping_status":"closed","sticky":false,"template":"","format":"standard","meta":{"kia_subtitle":"","footnotes":"","jetpack_publicize_message":"","jetpack_publicize_feature_enabled":true,"jetpack_social_post_already_shared":true,"jetpack_social_options":{"image_generator_settings":{"template":"highway","default_image_id":0,"font":"","enabled":false},"version":2}},"categories":[3,41],"tags":[],"class_list":["post-28546","post","type-post","status-publish","format-standard","has-post-thumbnail","hentry","category-actualidad","category-nacionales"],"jetpack_publicize_connections":[],"jetpack_featured_media_url":"https:\/\/laurbedigital.com.ar\/noticias\/wp-content\/uploads\/2020\/06\/20200613-coronavirus.jpg","_links":{"self":[{"href":"https:\/\/laurbedigital.com.ar\/noticias\/wp-json\/wp\/v2\/posts\/28546","targetHints":{"allow":["GET"]}}],"collection":[{"href":"https:\/\/laurbedigital.com.ar\/noticias\/wp-json\/wp\/v2\/posts"}],"about":[{"href":"https:\/\/laurbedigital.com.ar\/noticias\/wp-json\/wp\/v2\/types\/post"}],"author":[{"embeddable":true,"href":"https:\/\/laurbedigital.com.ar\/noticias\/wp-json\/wp\/v2\/users\/1"}],"replies":[{"embeddable":true,"href":"https:\/\/laurbedigital.com.ar\/noticias\/wp-json\/wp\/v2\/comments?post=28546"}],"version-history":[{"count":1,"href":"https:\/\/laurbedigital.com.ar\/noticias\/wp-json\/wp\/v2\/posts\/28546\/revisions"}],"predecessor-version":[{"id":28548,"href":"https:\/\/laurbedigital.com.ar\/noticias\/wp-json\/wp\/v2\/posts\/28546\/revisions\/28548"}],"wp:featuredmedia":[{"embeddable":true,"href":"https:\/\/laurbedigital.com.ar\/noticias\/wp-json\/wp\/v2\/media\/28547"}],"wp:attachment":[{"href":"https:\/\/laurbedigital.com.ar\/noticias\/wp-json\/wp\/v2\/media?parent=28546"}],"wp:term":[{"taxonomy":"category","embeddable":true,"href":"https:\/\/laurbedigital.com.ar\/noticias\/wp-json\/wp\/v2\/categories?post=28546"},{"taxonomy":"post_tag","embeddable":true,"href":"https:\/\/laurbedigital.com.ar\/noticias\/wp-json\/wp\/v2\/tags?post=28546"}],"curies":[{"name":"wp","href":"https:\/\/api.w.org\/{rel}","templated":true}]}}