{"id":28338,"date":"2020-06-11T14:12:15","date_gmt":"2020-06-11T17:12:15","guid":{"rendered":"https:\/\/laurbedigital.com.ar\/noticias\/?p=28338"},"modified":"2020-06-11T14:12:15","modified_gmt":"2020-06-11T17:12:15","slug":"avanza-la-implementacion-del-programa-mas-trabajo-menos-reincidencia","status":"publish","type":"post","link":"https:\/\/laurbedigital.com.ar\/noticias\/2020\/06\/11\/avanza-la-implementacion-del-programa-mas-trabajo-menos-reincidencia\/","title":{"rendered":"Avanza la implementaci\u00f3n del programa \u201cM\u00e1s Trabajo, Menos Reincidencia\u201d"},"content":{"rendered":"<p>&nbsp;<\/p>\n<h5>Se llev\u00f3 adelante ayer\u00a0el segundo encuentro de la Mesa Interjurisdiccional de inclusi\u00f3n social penitenciaria y post penitenciaria, en el marco del programa de inclusi\u00f3n \u201cM\u00e1s trabajo, menos reincidencia\u201d.<\/h5>\n<p>La mesa de trabajo tiene por objetivo generar un espacio interjurisdiccional e intersectorial entre el gobierno nacional, provincial y los municipios, con la participaci\u00f3n de la Iglesia y organizaciones sociales, que brinde a los internos la formaci\u00f3n necesaria para lograr la inclusi\u00f3n laboral y as\u00ed disminuir los niveles de reincidencia.<\/p>\n<p>Participaron del encuentro el Ministro de Desarrollo de la Comunidad, Andr\u00e9s Larroque; el Ministro de Justicia y Derechos Humanos, Julio Alak; la Ministra de Gobierno, Teresa Garc\u00eda; la Ministra de Trabajo, Mara Ruiz Malec; el Ministro de Producci\u00f3n, Augusto Costa y la directora General de Cultura y Educaci\u00f3n, Agustina Vila.<\/p>\n<p>Asimismo formaron parte autoridades nacionales como el secretario de Econom\u00eda Social del Ministerio de Desarrollo Social de la Naci\u00f3n, Emilio P\u00e9rsico; el presidente del Instituto Nacional de Asociativismo y Econom\u00eda Nacional (INAES) Mario Cafiero, y la Directora Nacional de Acceso a la Justicia, Gabriela Carpineti.<\/p>\n<p>Tambi\u00e9n fueron parte constitutiva los intendentes de Mor\u00f3n, Lucas Ghi; de Moreno, Mariel Fern\u00e1ndez; de Florencio Varela, Andr\u00e9s Watson; de Mercedes, Juan Ustarroz; de Ezeiza, Gast\u00f3n Granados y el de Malvinas Argentinas, Leonardo Nardini.<\/p>\n<p>Adem\u00e1s, estuvo el diputado nacional, Leonardo Grosso; el senador y jefe de bloque del partido Frente de Todos, Gervasio Bozzano; y el diputado Santiago R\u00e9vora; V\u00edctor Manuel Fern\u00e1ndez, el arzobispo de La Plata; el Defensor del Pueblo, Guido Lorenzino y diversas organizaciones sociales y autoridades de diferentes universidades con el objetivo de que el programa sea articulado a nivel local con los intendentes.<\/p>\n<p>Durante el encuentro, adem\u00e1s, se firm\u00f3 un convenio con la Direcci\u00f3n General de Cultura y Educaci\u00f3n (DGCyE), a cargo de Agustina Vila, para garantizar la continuidad pedag\u00f3gica de las personas privadas de libertad en las unidades penales y alcaid\u00edas del Servicio Penitenciario Bonaerense (SPB).<\/p>\n<p>El acuerdo establece la elaboraci\u00f3n de material pedag\u00f3gico espec\u00edfico dirigido a los internos que cursan alg\u00fan nivel del sistema educativo provincial.<\/p>\n<p>Estas acciones permiten avanzar de manera articulada en el desarrollo de propuestas y acciones educativas para implementar en contextos de encierro mientras continua la suspensi\u00f3n temporaria de las clases presenciales.<\/p>\n<p>&nbsp;<\/p>\n<p>&nbsp;<\/p>\n","protected":false},"excerpt":{"rendered":"<p>&nbsp; Se llev\u00f3 adelante ayer\u00a0el segundo encuentro de la Mesa Interjurisdiccional de inclusi\u00f3n social penitenciaria y post penitenciaria, en el<\/p>\n","protected":false},"author":1,"featured_media":28339,"comment_status":"closed","ping_status":"closed","sticky":false,"template":"","format":"standard","meta":{"kia_subtitle":"","footnotes":"","jetpack_publicize_message":"","jetpack_publicize_feature_enabled":true,"jetpack_social_post_already_shared":true,"jetpack_social_options":{"image_generator_settings":{"template":"highway","default_image_id":0,"font":"","enabled":false},"version":2}},"categories":[3,56],"tags":[],"class_list":["post-28338","post","type-post","status-publish","format-standard","has-post-thumbnail","hentry","category-actualidad","category-buenos-aires"],"jetpack_publicize_connections":[],"jetpack_featured_media_url":"https:\/\/laurbedigital.com.ar\/noticias\/wp-content\/uploads\/2020\/06\/20200611-trabajo.jpg","_links":{"self":[{"href":"https:\/\/laurbedigital.com.ar\/noticias\/wp-json\/wp\/v2\/posts\/28338","targetHints":{"allow":["GET"]}}],"collection":[{"href":"https:\/\/laurbedigital.com.ar\/noticias\/wp-json\/wp\/v2\/posts"}],"about":[{"href":"https:\/\/laurbedigital.com.ar\/noticias\/wp-json\/wp\/v2\/types\/post"}],"author":[{"embeddable":true,"href":"https:\/\/laurbedigital.com.ar\/noticias\/wp-json\/wp\/v2\/users\/1"}],"replies":[{"embeddable":true,"href":"https:\/\/laurbedigital.com.ar\/noticias\/wp-json\/wp\/v2\/comments?post=28338"}],"version-history":[{"count":1,"href":"https:\/\/laurbedigital.com.ar\/noticias\/wp-json\/wp\/v2\/posts\/28338\/revisions"}],"predecessor-version":[{"id":28340,"href":"https:\/\/laurbedigital.com.ar\/noticias\/wp-json\/wp\/v2\/posts\/28338\/revisions\/28340"}],"wp:featuredmedia":[{"embeddable":true,"href":"https:\/\/laurbedigital.com.ar\/noticias\/wp-json\/wp\/v2\/media\/28339"}],"wp:attachment":[{"href":"https:\/\/laurbedigital.com.ar\/noticias\/wp-json\/wp\/v2\/media?parent=28338"}],"wp:term":[{"taxonomy":"category","embeddable":true,"href":"https:\/\/laurbedigital.com.ar\/noticias\/wp-json\/wp\/v2\/categories?post=28338"},{"taxonomy":"post_tag","embeddable":true,"href":"https:\/\/laurbedigital.com.ar\/noticias\/wp-json\/wp\/v2\/tags?post=28338"}],"curies":[{"name":"wp","href":"https:\/\/api.w.org\/{rel}","templated":true}]}}