{"id":27975,"date":"2020-06-06T15:24:29","date_gmt":"2020-06-06T18:24:29","guid":{"rendered":"https:\/\/laurbedigital.com.ar\/noticias\/?p=27975"},"modified":"2020-06-06T15:24:29","modified_gmt":"2020-06-06T18:24:29","slug":"como-fue-el-crimen-de-angeles-rawson-cometido-por-el-portero-femicida","status":"publish","type":"post","link":"https:\/\/laurbedigital.com.ar\/noticias\/2020\/06\/06\/como-fue-el-crimen-de-angeles-rawson-cometido-por-el-portero-femicida\/","title":{"rendered":"C\u00f3mo fue el crimen de \u00c1ngeles Rawson cometido por el portero femicida"},"content":{"rendered":"<p>&nbsp;<\/p>\n<h5>\u00c1ngeles \u00abMumi\u00bb Rawson fue asesinada el 10 de junio de 2013 en su edificio del barrio porte\u00f1o de Palermo y su cad\u00e1ver apareci\u00f3 al d\u00eda siguiente en la planta de tratamiento de residuos de la Ceamse en la localidad bonaerense de Jos\u00e9 Le\u00f3n Su\u00e1rez, en uno de los femicidios con mayor repercusi\u00f3n de la historia criminal argentina y en el que el portero Jorge N\u00e9stor Mangeri (52) termin\u00f3 condenado a prisi\u00f3n perpetua.<\/h5>\n<p>En el juicio realizado en 2015, se dio por acreditado que aquel d\u00eda a las 9.50 \u2013horario en el que qued\u00f3 grabada por una c\u00e1mara de la cuadra-, Angeles (16) regresaba de su clase de gimnasia, lleg\u00f3 al edificio de Ravignani 2360, en Palermo, pero no entr\u00f3 a su departamento de la PB \u00abA\u00bb porque se top\u00f3 en el hall con el ahora condenado.<\/p>\n<p>Para la Justicia, con alg\u00fan enga\u00f1o, el portero llev\u00f3 a \u00c1ngeles a un sitio del edificio -para la fiscal\u00eda fue el s\u00f3tano y para la querella la porter\u00eda del octavo piso-, y all\u00ed inici\u00f3 un ataque sexual no consumado que, por la resistencia de la v\u00edctima, termin\u00f3 en el homicidio.<\/p>\n<p>Una junta m\u00e9dica concluy\u00f3 que \u00c1ngeles muri\u00f3 estrangulada y sofocada en no m\u00e1s de cinco minutos y que su asesino le fractur\u00f3 cinco costillas, la clav\u00edcula derecha y una v\u00e9rtebra.<\/p>\n<p>Si bien la chica no lleg\u00f3 a ser violada, la v\u00edctima ten\u00eda en una de sus rodillas, en la ingle y en la cara interna de los muslos, lesiones paragenitales que probaron que \u00c1ngeles padeci\u00f3 un abuso sexual.<\/p>\n<p>Seg\u00fan la sentencia, Mangeri at\u00f3 y acondicion\u00f3 el cad\u00e1ver de la adolescente dentro de bolsas de residuos para luego desecharlo en alg\u00fan contenedor de basura, raz\u00f3n por la que al d\u00eda siguiente fue hallado en la Ceamse de Jos\u00e9 Le\u00f3n Su\u00e1rez.<\/p>\n<p>Si bien al inicio se sospech\u00f3 de alg\u00fan asesino que la intercept\u00f3 en la calle, luego de la aparici\u00f3n del video que probaba que hab\u00eda llegado a la casa, la mira se pos\u00f3 sobre el entorno familiar de la v\u00edctima, en especial, sobre su padrastro, Sergio Opatowski, hasta que la noche del viernes 14 de junio, Mangeri fue llevado a la fiscal\u00eda para una declaraci\u00f3n testimonial y all\u00ed se autoincrimin\u00f3 cuando le dijo a la fiscal Mar\u00eda Paula Asaro: \u00abSoy el responsable de lo de Ravignani 2360\u00bb.<\/p>\n<p>Esa confesi\u00f3n no tuvo valor legal, pero la evidencia clave contra Mangeri fue el cotejo de ADN que determin\u00f3 que debajo de la u\u00f1a del dedo \u00edndice de la mano derecha de \u00c1ngeles se hall\u00f3 el perfil gen\u00e9tico del portero, lo que prob\u00f3 que la chica rasgu\u00f1\u00f3 a su asesino en un intento de defensa.<\/p>\n<p>Adem\u00e1s, el encargado ten\u00eda 34 lesiones de las cuales m\u00e1s de 20 eran ara\u00f1azos que hab\u00edan sido enmascarados con quemaduras.<\/p>\n<p>El 15 de julio de 2015, el Tribunal Oral en lo Criminal (TOC) 9 conden\u00f3 a Mangeri a prisi\u00f3n perpetua como autor de los delitos de \u00abfemicidio en concurso ideal con abuso sexual y homicidio agravado criminis causae\u00bb.<\/p>\n<p>&nbsp;<\/p>\n<p>&nbsp;<\/p>\n","protected":false},"excerpt":{"rendered":"<p>&nbsp; \u00c1ngeles \u00abMumi\u00bb Rawson fue asesinada el 10 de junio de 2013 en su edificio del barrio porte\u00f1o de Palermo<\/p>\n","protected":false},"author":1,"featured_media":27976,"comment_status":"closed","ping_status":"closed","sticky":false,"template":"","format":"standard","meta":{"kia_subtitle":"","footnotes":"","jetpack_publicize_message":"","jetpack_publicize_feature_enabled":true,"jetpack_social_post_already_shared":true,"jetpack_social_options":{"image_generator_settings":{"template":"highway","default_image_id":0,"font":"","enabled":false},"version":2}},"categories":[8],"tags":[],"class_list":["post-27975","post","type-post","status-publish","format-standard","has-post-thumbnail","hentry","category-policiales"],"jetpack_publicize_connections":[],"jetpack_featured_media_url":"https:\/\/laurbedigital.com.ar\/noticias\/wp-content\/uploads\/2020\/06\/20200606-crimen-angles-rawson.jpg","_links":{"self":[{"href":"https:\/\/laurbedigital.com.ar\/noticias\/wp-json\/wp\/v2\/posts\/27975","targetHints":{"allow":["GET"]}}],"collection":[{"href":"https:\/\/laurbedigital.com.ar\/noticias\/wp-json\/wp\/v2\/posts"}],"about":[{"href":"https:\/\/laurbedigital.com.ar\/noticias\/wp-json\/wp\/v2\/types\/post"}],"author":[{"embeddable":true,"href":"https:\/\/laurbedigital.com.ar\/noticias\/wp-json\/wp\/v2\/users\/1"}],"replies":[{"embeddable":true,"href":"https:\/\/laurbedigital.com.ar\/noticias\/wp-json\/wp\/v2\/comments?post=27975"}],"version-history":[{"count":1,"href":"https:\/\/laurbedigital.com.ar\/noticias\/wp-json\/wp\/v2\/posts\/27975\/revisions"}],"predecessor-version":[{"id":27977,"href":"https:\/\/laurbedigital.com.ar\/noticias\/wp-json\/wp\/v2\/posts\/27975\/revisions\/27977"}],"wp:featuredmedia":[{"embeddable":true,"href":"https:\/\/laurbedigital.com.ar\/noticias\/wp-json\/wp\/v2\/media\/27976"}],"wp:attachment":[{"href":"https:\/\/laurbedigital.com.ar\/noticias\/wp-json\/wp\/v2\/media?parent=27975"}],"wp:term":[{"taxonomy":"category","embeddable":true,"href":"https:\/\/laurbedigital.com.ar\/noticias\/wp-json\/wp\/v2\/categories?post=27975"},{"taxonomy":"post_tag","embeddable":true,"href":"https:\/\/laurbedigital.com.ar\/noticias\/wp-json\/wp\/v2\/tags?post=27975"}],"curies":[{"name":"wp","href":"https:\/\/api.w.org\/{rel}","templated":true}]}}