{"id":278,"date":"2016-01-11T17:39:33","date_gmt":"2016-01-11T17:39:33","guid":{"rendered":"http:\/\/laurbedigital.com.ar\/noticias\/?p=278"},"modified":"2016-01-11T18:12:34","modified_gmt":"2016-01-11T18:12:34","slug":"victor-hugo-morales-fue-despedido-de-la-radio-y-denuncio-una-situacion-asfixiante-para-la-democracia-y-la-libertad-de-expresion","status":"publish","type":"post","link":"https:\/\/laurbedigital.com.ar\/noticias\/2016\/01\/11\/victor-hugo-morales-fue-despedido-de-la-radio-y-denuncio-una-situacion-asfixiante-para-la-democracia-y-la-libertad-de-expresion\/","title":{"rendered":"Despiden a V\u00edctor Hugo Morales y censuran su despedida al aire"},"content":{"rendered":"<p>Minutos antes de iniciar su programa radial, fue irrumpido por un escribano que le ley\u00f3 el acta de despido y a pesar de los intentos de no registrar el momento por parte de la radio, trascendi\u00f3 un video que muestra la censura que vivi\u00f3 en periodista en el intento de despedirse de la audiencia.<i> <\/i><\/p>\n<p>Inmediatamente despu\u00e9s de ser abordado por el escribano con el objetivo de leerle su acta de despido e informado que en el mismo d\u00eda no iba a poder hacer su programa, V\u00edctor Hugo Morales, se dirigi\u00f3 al estudio de aire de Radio Continental para despedirse en ese momento de su audiencia en el programa que estaba al aire \u201cLa Mirada Despierta\u201d, de Nelson Castro y no lleg\u00f3 a decir \u201cme est\u00e1n echando de la radio\u201d, cuando fue superpuesto con la cortina de anuncios que no le permiti\u00f3 desarrollar su relato.<\/p>\n<p>Luego de 30 a\u00f1os de trasmisi\u00f3n en la emisora de radio, el periodista fue desvinculado sin posibilidad de realizar un \u00faltimo programa period\u00edstico en el cual se despida de la audiencia. D\u00edas atr\u00e1s, V\u00edctor Hugo hab\u00eda anunciado un programa especial para el d\u00eda de hoy, en el cual se analizar\u00eda el primer mes de gesti\u00f3n de Mauricio Macri a cargo del gobierno.<\/p>\n<p>Una vez finalizada la propaganda de la radio, Paulino Rodrigues cedi\u00f3 parte de su programa para la despedida de V\u00edctor Hugo, quien descarg\u00f3 en contra de la censura que vive el periodismo en este gobierno y calific\u00f3 de \u201cmiseria\u201d la situaci\u00f3n de la prensa argentina y la forma en la cual se procedi\u00f3 a su despido de Radio Continental, luego de 30 a\u00f1os de servicio.<\/p>\n<p>El periodista esper\u00f3 hasta unos minutos despu\u00e9s en los que hubiera empezado su programa para despedirse de la audiencia: \u201cQuiero agradecer la solidaridad de todos mis compa\u00f1eros. A la opini\u00f3n p\u00fablica le digo: esto es lo que hay en la Argentina. Hace 30 a\u00f1os que estoy aqu\u00ed. \u00a0\u00bfC\u00f3mo me van a parar con un par de patovicas?\u201d, enfatiz\u00f3 en relaci\u00f3n al atropello sufrido esta ma\u00f1ana.<\/p>\n","protected":false},"excerpt":{"rendered":"<p>Minutos antes de iniciar su programa radial, fue irrumpido por un escribano que le ley\u00f3 el acta de despido y<\/p>\n","protected":false},"author":1,"featured_media":276,"comment_status":"closed","ping_status":"closed","sticky":false,"template":"","format":"standard","meta":{"kia_subtitle":"","footnotes":"","jetpack_publicize_message":"","jetpack_publicize_feature_enabled":true,"jetpack_social_post_already_shared":false,"jetpack_social_options":{"image_generator_settings":{"template":"highway","default_image_id":0,"font":"","enabled":false},"version":2}},"categories":[3],"tags":[],"class_list":["post-278","post","type-post","status-publish","format-standard","has-post-thumbnail","hentry","category-actualidad"],"jetpack_publicize_connections":[],"jetpack_featured_media_url":"https:\/\/laurbedigital.com.ar\/noticias\/wp-content\/uploads\/2016\/01\/20160111-victorh.jpg","_links":{"self":[{"href":"https:\/\/laurbedigital.com.ar\/noticias\/wp-json\/wp\/v2\/posts\/278","targetHints":{"allow":["GET"]}}],"collection":[{"href":"https:\/\/laurbedigital.com.ar\/noticias\/wp-json\/wp\/v2\/posts"}],"about":[{"href":"https:\/\/laurbedigital.com.ar\/noticias\/wp-json\/wp\/v2\/types\/post"}],"author":[{"embeddable":true,"href":"https:\/\/laurbedigital.com.ar\/noticias\/wp-json\/wp\/v2\/users\/1"}],"replies":[{"embeddable":true,"href":"https:\/\/laurbedigital.com.ar\/noticias\/wp-json\/wp\/v2\/comments?post=278"}],"version-history":[{"count":3,"href":"https:\/\/laurbedigital.com.ar\/noticias\/wp-json\/wp\/v2\/posts\/278\/revisions"}],"predecessor-version":[{"id":288,"href":"https:\/\/laurbedigital.com.ar\/noticias\/wp-json\/wp\/v2\/posts\/278\/revisions\/288"}],"wp:featuredmedia":[{"embeddable":true,"href":"https:\/\/laurbedigital.com.ar\/noticias\/wp-json\/wp\/v2\/media\/276"}],"wp:attachment":[{"href":"https:\/\/laurbedigital.com.ar\/noticias\/wp-json\/wp\/v2\/media?parent=278"}],"wp:term":[{"taxonomy":"category","embeddable":true,"href":"https:\/\/laurbedigital.com.ar\/noticias\/wp-json\/wp\/v2\/categories?post=278"},{"taxonomy":"post_tag","embeddable":true,"href":"https:\/\/laurbedigital.com.ar\/noticias\/wp-json\/wp\/v2\/tags?post=278"}],"curies":[{"name":"wp","href":"https:\/\/api.w.org\/{rel}","templated":true}]}}