{"id":27631,"date":"2020-06-03T12:01:53","date_gmt":"2020-06-03T15:01:53","guid":{"rendered":"https:\/\/laurbedigital.com.ar\/noticias\/?p=27631"},"modified":"2020-06-03T12:01:53","modified_gmt":"2020-06-03T15:01:53","slug":"cascallares-y-un-emotivo-homenaje-a-manuel-belgrano-a-250-anos-de-su-natalicio","status":"publish","type":"post","link":"https:\/\/laurbedigital.com.ar\/noticias\/2020\/06\/03\/cascallares-y-un-emotivo-homenaje-a-manuel-belgrano-a-250-anos-de-su-natalicio\/","title":{"rendered":"Cascallares y un emotivo homenaje a Manuel Belgrano a 250 a\u00f1os de su natalicio"},"content":{"rendered":"<h5 dir=\"ltr\"><\/h5>\n<h5 dir=\"ltr\">El intendente de Almirante Brown, Mariano Cascallares y el presidente del Concejo Deliberante de Almirante Brown, Nicol\u00e1s Jawtuschenko, realizaron esta ma\u00f1ana un emotivo homenaje al General Manuel Belgrano al celebrarse el 250 aniversario de su natalicio.<\/h5>\n<div dir=\"ltr\">Los funcionarios, acompa\u00f1ados por el director general de Gesti\u00f3n Descentralizada, Iv\u00e1n Allinghi, colocaron una ofrenda floral en el Monumento a la Bandera de la Plaza Manuel Belgrano de la localidad de Burzaco, el primero monumento de su tipo del pa\u00eds que es orgullo de Almirante Brown.<\/div>\n<div dir=\"ltr\"><\/div>\n<div dir=\"ltr\">Mientras tanto, esta ma\u00f1ana tambi\u00e9n tendr\u00e1 lugar el homenaje del Instituto Belgraniano de Almirante Brown aa Manuel Belgrano, pr\u00f3cer de la Patria.<\/div>\n<div dir=\"ltr\"><\/div>\n<div dir=\"ltr\">Finalmente, el Municipio de Almirante Brown inform\u00f3 que esta tarde desde las 16 horas a trav\u00e9s de Instagram se desarrollar\u00e1 una charla en vivoi sobre Manuel Belgrano a cargo de la profesora de historia Sandra Golan y el presidente del Instituto de Estudios Hist\u00f3ricos y Patrimonio Cultural del distrito, Emilio Klubus.<\/p>\n<\/div>\n<div dir=\"ltr\"><\/div>\n<div dir=\"ltr\"><\/div>\n","protected":false},"excerpt":{"rendered":"<p>El intendente de Almirante Brown, Mariano Cascallares y el presidente del Concejo Deliberante de Almirante Brown, Nicol\u00e1s Jawtuschenko, realizaron esta<\/p>\n","protected":false},"author":1,"featured_media":27632,"comment_status":"closed","ping_status":"closed","sticky":false,"template":"","format":"standard","meta":{"kia_subtitle":"","footnotes":"","jetpack_publicize_message":"","jetpack_publicize_feature_enabled":true,"jetpack_social_post_already_shared":true,"jetpack_social_options":{"image_generator_settings":{"template":"highway","default_image_id":0,"font":"","enabled":false},"version":2}},"categories":[2,33],"tags":[],"class_list":["post-27631","post","type-post","status-publish","format-standard","has-post-thumbnail","hentry","category-alte-brown","category-alte-brown-alte-brown"],"jetpack_publicize_connections":[],"jetpack_featured_media_url":"https:\/\/laurbedigital.com.ar\/noticias\/wp-content\/uploads\/2020\/06\/20200603-brown-1.jpg","_links":{"self":[{"href":"https:\/\/laurbedigital.com.ar\/noticias\/wp-json\/wp\/v2\/posts\/27631","targetHints":{"allow":["GET"]}}],"collection":[{"href":"https:\/\/laurbedigital.com.ar\/noticias\/wp-json\/wp\/v2\/posts"}],"about":[{"href":"https:\/\/laurbedigital.com.ar\/noticias\/wp-json\/wp\/v2\/types\/post"}],"author":[{"embeddable":true,"href":"https:\/\/laurbedigital.com.ar\/noticias\/wp-json\/wp\/v2\/users\/1"}],"replies":[{"embeddable":true,"href":"https:\/\/laurbedigital.com.ar\/noticias\/wp-json\/wp\/v2\/comments?post=27631"}],"version-history":[{"count":1,"href":"https:\/\/laurbedigital.com.ar\/noticias\/wp-json\/wp\/v2\/posts\/27631\/revisions"}],"predecessor-version":[{"id":27633,"href":"https:\/\/laurbedigital.com.ar\/noticias\/wp-json\/wp\/v2\/posts\/27631\/revisions\/27633"}],"wp:featuredmedia":[{"embeddable":true,"href":"https:\/\/laurbedigital.com.ar\/noticias\/wp-json\/wp\/v2\/media\/27632"}],"wp:attachment":[{"href":"https:\/\/laurbedigital.com.ar\/noticias\/wp-json\/wp\/v2\/media?parent=27631"}],"wp:term":[{"taxonomy":"category","embeddable":true,"href":"https:\/\/laurbedigital.com.ar\/noticias\/wp-json\/wp\/v2\/categories?post=27631"},{"taxonomy":"post_tag","embeddable":true,"href":"https:\/\/laurbedigital.com.ar\/noticias\/wp-json\/wp\/v2\/tags?post=27631"}],"curies":[{"name":"wp","href":"https:\/\/api.w.org\/{rel}","templated":true}]}}