{"id":25871,"date":"2020-05-08T15:38:40","date_gmt":"2020-05-08T18:38:40","guid":{"rendered":"https:\/\/laurbedigital.com.ar\/noticias\/?p=25871"},"modified":"2020-05-08T15:38:40","modified_gmt":"2020-05-08T18:38:40","slug":"quien-ricardo-cavallo-represor-al-francia-ha-retirado-una-condecoracion","status":"publish","type":"post","link":"https:\/\/laurbedigital.com.ar\/noticias\/2020\/05\/08\/quien-ricardo-cavallo-represor-al-francia-ha-retirado-una-condecoracion\/","title":{"rendered":"Qui\u00e9n es Ricardo Cavallo, el represor al que Francia ha retirado una condecoraci\u00f3n"},"content":{"rendered":"<p>&nbsp;<\/p>\n<h5>El gobierno de Alberto Fern\u00e1ndez gestion\u00f3 el retiro del galard\u00f3n que hab\u00eda recibido Ricardo Cavallo, un ex marino condenando por cr\u00edmenes de lesa humanidad.<\/h5>\n<p>El presidente de Francia, Emmanuel Macron, retir\u00f3 la Orden Nacional del M\u00e9rito que Ricardo Cavallo, un emblem\u00e1tico represor de la dictadura c\u00edvico-militar\u00a0 que est\u00e1 condenado a cadena perpetua, hab\u00eda recibido en 1985, cuando todav\u00eda se desempe\u00f1aba como agregado naval en el pa\u00eds europeo.<\/p>\n<p>El canciller Felipe Sol\u00e1 inform\u00f3 en un comunicado que gestion\u00f3 junto a su hom\u00f3logo franc\u00e9s, Jean-Yves Le Drian, la solicitud que realiz\u00f3 el presidente Alberto Fern\u00e1ndez en Par\u00eds en febrero pasado, durante una gira oficial.<\/p>\n<p>\u00abPor pedido del gobierno argentino, la Canciller\u00eda recibi\u00f3 la notificaci\u00f3n que el presidente Emmanuel Macron y el primer ministro Edouard Philippe firmaron el decreto por el cual retiran la Orden Nacional del M\u00e9rito que ese pa\u00eds le hab\u00eda otorgado el 27 de junio de 1985 al represor Ricardo Cavallo\u00bb, explic\u00f3.<\/p>\n<p>La anulaci\u00f3n del reconocimiento, agreg\u00f3, constitu\u00eda un reclamo de los organismos de derechos humanos y en especial de los sobrevivientes de\u00a0<strong>la Escuela de Mec\u00e1nica de la Armada (ESMA), que fue uno de los mayores centros clandestinos de detenci\u00f3n durante la dictadura<\/strong>\u00a0y que tuvo en Cavallo a uno de sus principales operadores.<\/p>\n<p>De acuerdo con la Canciller\u00eda argentina, el ministro de Asuntos Exteriores de Francia coincidi\u00f3 con Sol\u00e1 en la necesidad de cerrar un episodio que contradec\u00eda la tradici\u00f3n de valores democr\u00e1ticos.<\/p>\n<p>\u00abS\u00e9rpico\u00bb o \u00abMarcelo\u00bb, sobrenombres que utiliz\u00f3 Cavallo durante la dictadura, naci\u00f3 el 29 de septiembre de 1951 y comenz\u00f3 a escribir su historia criminal en 1970, cuando se enrol\u00f3 como guardamarina en el Comando de la Armada. En 1976, cuando los militares dieron el golpe de Estado contra el gobierno de Mar\u00eda Estela Mart\u00ednez de Per\u00f3n, ya ten\u00eda el grado de teniente de fragata, lo que le permiti\u00f3 convertirse en uno de los principales represores de la ESMA.<\/p>\n<p><strong>Cavallo no solo particip\u00f3 en secuestros, torturas y asesinatos<\/strong>, ya que tambi\u00e9n se apropi\u00f3 de bienes de sus v\u00edctimas y amas\u00f3 una fortuna que, a\u00f1os despu\u00e9s, le ayud\u00f3 a emprender negocios en M\u00e9xico.<\/p>\n<p>Aunque la dictadura termin\u00f3 en 1983, los cr\u00edmenes de los represores no fueron juzgados de inmediato, lo que permiti\u00f3 que Cavallo siguiera viviendo en Francia como agregado naval, pero un par de a\u00f1os m\u00e1s tarde, al volver al pa\u00eds,\u00a0<strong>enfrent\u00f3 cargos por 227 desapariciones y 110 secuestros y torturas.<\/p>\n<p><\/strong>El exmarino fue beneficiado por las leyes de Punto Final y Obediencia Debida para dar por caducados los cr\u00edmenes y establecer que los miembros de las Fuerzas Armadas con grados menores solo hab\u00edan obedecido \u00f3rdenes y no pod\u00edan ser sometidos a procesos judiciales.<\/p>\n<p>Libre de imputaciones, Cavallo se radic\u00f3 en M\u00e9xico y se convirti\u00f3 en un acaudalado empresario que incluso hizo negocios con el Estado. En el a\u00f1o 2000, sin embargo, el diario Reforma revel\u00f3 que era un represor buscado por el juez Baltazar Garz\u00f3n, quien desde Espa\u00f1a lo acusaba de genocidio, terrorismo y tortura.<\/p>\n<p>Despu\u00e9s de mentir al negar su identidad y cualquier v\u00ednculo con los militares,\u00a0<strong>Cavallo intent\u00f3 escapar hacia la Argentina<\/strong>, a sabiendas de que ah\u00ed todav\u00eda reg\u00edan las leyes que le permitir\u00edan quedar impune, pero Interpol lo detuvo en Canc\u00fan y luego enfrent\u00f3 un proceso de ex tradici\u00f3n que en 2003 permiti\u00f3 que fuera trasladado de M\u00e9xico a Espa\u00f1a.<\/p>\n<p>Ah\u00ed permaneci\u00f3 preso hasta 2008, cuando fue enviado a Argentina gracias a que los juicios de lesa humanidad ya se hab\u00edan reactivado.<\/p>\n<p>En cada una de sus declaraciones frente a los tribunales, Cavallo neg\u00f3 los cargos y denunci\u00f3 una \u00abvenganza\u00bb de los gobiernos de N\u00e9stor Kirchner y de Cristina Fern\u00e1ndez en contra de todos aquellos que colaboraron con la dictadura militar.<\/p>\n<p>El ex marino exigi\u00f3 su libertad en varias ocasiones, pero los jueces lo mantuvieron preso, le decretaron embargos millonarios y lo condenaron a cadena perpetua en dos juicios en los que, gracias al testimonio de varias de sus v\u00edctimas directas y sobrevivientes de la ESMA y sus familiares, fue encontrado culpable de cientos de cr\u00edmenes.<\/p>\n<p>&nbsp;<\/p>\n<p>&nbsp;<\/p>\n<p>&nbsp;<\/p>\n<p>&nbsp;<\/p>\n","protected":false},"excerpt":{"rendered":"<p>&nbsp; El gobierno de Alberto Fern\u00e1ndez gestion\u00f3 el retiro del galard\u00f3n que hab\u00eda recibido Ricardo Cavallo, un ex marino condenando<\/p>\n","protected":false},"author":1,"featured_media":25874,"comment_status":"closed","ping_status":"closed","sticky":false,"template":"","format":"standard","meta":{"kia_subtitle":"","footnotes":"","jetpack_publicize_message":"","jetpack_publicize_feature_enabled":true,"jetpack_social_post_already_shared":true,"jetpack_social_options":{"image_generator_settings":{"template":"highway","default_image_id":0,"font":"","enabled":false},"version":2}},"categories":[3,61],"tags":[],"class_list":["post-25871","post","type-post","status-publish","format-standard","has-post-thumbnail","hentry","category-actualidad","category-ddhh"],"jetpack_publicize_connections":[],"jetpack_featured_media_url":"https:\/\/laurbedigital.com.ar\/noticias\/wp-content\/uploads\/2020\/05\/2020-05-08-represor.jpg","_links":{"self":[{"href":"https:\/\/laurbedigital.com.ar\/noticias\/wp-json\/wp\/v2\/posts\/25871","targetHints":{"allow":["GET"]}}],"collection":[{"href":"https:\/\/laurbedigital.com.ar\/noticias\/wp-json\/wp\/v2\/posts"}],"about":[{"href":"https:\/\/laurbedigital.com.ar\/noticias\/wp-json\/wp\/v2\/types\/post"}],"author":[{"embeddable":true,"href":"https:\/\/laurbedigital.com.ar\/noticias\/wp-json\/wp\/v2\/users\/1"}],"replies":[{"embeddable":true,"href":"https:\/\/laurbedigital.com.ar\/noticias\/wp-json\/wp\/v2\/comments?post=25871"}],"version-history":[{"count":1,"href":"https:\/\/laurbedigital.com.ar\/noticias\/wp-json\/wp\/v2\/posts\/25871\/revisions"}],"predecessor-version":[{"id":25875,"href":"https:\/\/laurbedigital.com.ar\/noticias\/wp-json\/wp\/v2\/posts\/25871\/revisions\/25875"}],"wp:featuredmedia":[{"embeddable":true,"href":"https:\/\/laurbedigital.com.ar\/noticias\/wp-json\/wp\/v2\/media\/25874"}],"wp:attachment":[{"href":"https:\/\/laurbedigital.com.ar\/noticias\/wp-json\/wp\/v2\/media?parent=25871"}],"wp:term":[{"taxonomy":"category","embeddable":true,"href":"https:\/\/laurbedigital.com.ar\/noticias\/wp-json\/wp\/v2\/categories?post=25871"},{"taxonomy":"post_tag","embeddable":true,"href":"https:\/\/laurbedigital.com.ar\/noticias\/wp-json\/wp\/v2\/tags?post=25871"}],"curies":[{"name":"wp","href":"https:\/\/api.w.org\/{rel}","templated":true}]}}