{"id":25785,"date":"2020-05-06T11:15:59","date_gmt":"2020-05-06T14:15:59","guid":{"rendered":"https:\/\/laurbedigital.com.ar\/noticias\/?p=25785"},"modified":"2020-05-06T11:15:59","modified_gmt":"2020-05-06T14:15:59","slug":"ascienden-301-los-casos-confirmados-coronavirus-barrios-vulnerables-portenos","status":"publish","type":"post","link":"https:\/\/laurbedigital.com.ar\/noticias\/2020\/05\/06\/ascienden-301-los-casos-confirmados-coronavirus-barrios-vulnerables-portenos\/","title":{"rendered":"Ascienden a 301 los casos confirmados de coronavirus en barrios vulnerables porte\u00f1os"},"content":{"rendered":"<p>&nbsp;<\/p>\n<h5>Ayer autoridades de Ciudad y de Naci\u00f3n realizaron en conjunto 39 testeos de coronavirus en el Barrio 31, de los cuales 9 resultaron positivos para Covid-19 y fueron trasladados a hoteles, mientras siete dieron negativo y se espera para hoy el resultado de otros 23.<\/h5>\n<p>Los casos de coronavirus en barrios vulnerables de la ciudad de Buenos Aires ascendieron a 301 tras la confirmaci\u00f3n de 52 nuevos diagn\u00f3sticos positivos, inform\u00f3 hoy el gobierno porte\u00f1o.<\/p>\n<p>En tanto, el n\u00famero de fallecidos se mantuvo en el \u00faltimo reporte en seis personas, de las cuales una es una mujer de 84 a\u00f1os del Barrio 31, de Retiro, quien muri\u00f3 el pasado 2 de mayo.<\/p>\n<p>Ayer autoridades de Ciudad y de Naci\u00f3n realizaron en conjunto 39 testeos de coronavirus en el Barrio 31, de los cuales 9 resultaron positivos para Covid-19 y fueron trasladados a hoteles, mientras siete dieron negativo y se espera para hoy el resultado de los 23 casos restantes que analiza el Instituto Malbran.<\/p>\n<p>Los diagn\u00f3sticos positivos de coronavirus en todo el territorio porte\u00f1o suman 1.862, de los cuales 102 fallecieron y 529 fueron dados de alta, mientras se encuentran en estudio 6.160 casos sospechosos.<\/p>\n<p>&nbsp;<\/p>\n<p>&nbsp;<\/p>\n","protected":false},"excerpt":{"rendered":"<p>&nbsp; Ayer autoridades de Ciudad y de Naci\u00f3n realizaron en conjunto 39 testeos de coronavirus en el Barrio 31, de<\/p>\n","protected":false},"author":1,"featured_media":25786,"comment_status":"closed","ping_status":"closed","sticky":false,"template":"","format":"standard","meta":{"kia_subtitle":"","footnotes":"","jetpack_publicize_message":"","jetpack_publicize_feature_enabled":true,"jetpack_social_post_already_shared":true,"jetpack_social_options":{"image_generator_settings":{"template":"highway","default_image_id":0,"font":"","enabled":false},"version":2}},"categories":[3,2544],"tags":[2254],"class_list":["post-25785","post","type-post","status-publish","format-standard","has-post-thumbnail","hentry","category-actualidad","category-ciudad-de-buenos-aires","tag-coronavirus"],"jetpack_publicize_connections":[],"jetpack_featured_media_url":"https:\/\/laurbedigital.com.ar\/noticias\/wp-content\/uploads\/2020\/05\/2020-05-06-caba.jpg","_links":{"self":[{"href":"https:\/\/laurbedigital.com.ar\/noticias\/wp-json\/wp\/v2\/posts\/25785","targetHints":{"allow":["GET"]}}],"collection":[{"href":"https:\/\/laurbedigital.com.ar\/noticias\/wp-json\/wp\/v2\/posts"}],"about":[{"href":"https:\/\/laurbedigital.com.ar\/noticias\/wp-json\/wp\/v2\/types\/post"}],"author":[{"embeddable":true,"href":"https:\/\/laurbedigital.com.ar\/noticias\/wp-json\/wp\/v2\/users\/1"}],"replies":[{"embeddable":true,"href":"https:\/\/laurbedigital.com.ar\/noticias\/wp-json\/wp\/v2\/comments?post=25785"}],"version-history":[{"count":1,"href":"https:\/\/laurbedigital.com.ar\/noticias\/wp-json\/wp\/v2\/posts\/25785\/revisions"}],"predecessor-version":[{"id":25787,"href":"https:\/\/laurbedigital.com.ar\/noticias\/wp-json\/wp\/v2\/posts\/25785\/revisions\/25787"}],"wp:featuredmedia":[{"embeddable":true,"href":"https:\/\/laurbedigital.com.ar\/noticias\/wp-json\/wp\/v2\/media\/25786"}],"wp:attachment":[{"href":"https:\/\/laurbedigital.com.ar\/noticias\/wp-json\/wp\/v2\/media?parent=25785"}],"wp:term":[{"taxonomy":"category","embeddable":true,"href":"https:\/\/laurbedigital.com.ar\/noticias\/wp-json\/wp\/v2\/categories?post=25785"},{"taxonomy":"post_tag","embeddable":true,"href":"https:\/\/laurbedigital.com.ar\/noticias\/wp-json\/wp\/v2\/tags?post=25785"}],"curies":[{"name":"wp","href":"https:\/\/api.w.org\/{rel}","templated":true}]}}