{"id":25675,"date":"2020-05-04T02:25:10","date_gmt":"2020-05-04T05:25:10","guid":{"rendered":"https:\/\/laurbedigital.com.ar\/noticias\/?p=25675"},"modified":"2020-05-04T02:25:59","modified_gmt":"2020-05-04T05:25:59","slug":"habra-temporada-2-into-the-night-netflix","status":"publish","type":"post","link":"https:\/\/laurbedigital.com.ar\/noticias\/2020\/05\/04\/habra-temporada-2-into-the-night-netflix\/","title":{"rendered":"\u00bfHabr\u00e1 temporada 2 de Into the Night en Netflix?"},"content":{"rendered":"<p>&nbsp;<\/p>\n<h5>La serie se ha estrenado con \u00e9xito seg\u00fan las valoraciones de plataformas como IMDb<\/h5>\n<p>El 1\u00ba de mayo se estren\u00f3 en <strong>Netflix<\/strong> la serie original belga: <strong>Into the Night<\/strong>\u00a0es una propuesta que coge lo mejor del largometraje\u00a0<strong>Speed\u00a0<\/strong>para trasladarlo a un avi\u00f3n en mitad del fin del mundo, en una carrera hacia el oeste para escapar del amanecer. Sus seis episodios se devoran en menos de 4 horas, y sus tramas quedan lejos de estar cerradas, por lo que es turno de hacerse la pregunta del mill\u00f3n:\u00a0<strong>\u00bfhabr\u00e1 temporada 2 de Into the Night en Netflix?<\/strong><\/p>\n<p>Como siempre, es una respuesta compleja la que intentamos daros, pero hay varios\u00a0<strong>factores\u00a0<\/strong>que nos invitan a pensar que podr\u00edamos tener una\u00a0<strong>renovaci\u00f3n cercana<\/strong>:<\/p>\n<ul>\n<li>En\u00a0<strong>IMDb<\/strong>, la serie acumula una media de 7.4\/10 con 1.150 votos, misma nota que\u00a0<strong>Hollywood\u00a0<\/strong>que ha logrado 1.839 votos en el mismo periodo de tiempo. Pese a que puede parecernos una gran diferencia, la nueva ficci\u00f3n de\u00a0<strong>Ryan Murphy<\/strong>\u00a0llega rodeada de expectativa, e\u00a0<strong>Into the Night<\/strong>\u00a0ha sido una gran tapada.<\/li>\n<li>Las tramas se quedan en su punto \u00e1lgido: la base de la OTAN a la que llegan sus protagonistas parece tener la clave para luchar contra el Sol que ha matado a casi toda la especie, y ellos ser\u00e1n la clave para lograrlo. Por este motivo, y siendo una serie bastante econ\u00f3mica para\u00a0<strong>Netflix<\/strong>, la\u00a0<strong>temporada 2 de Into the Night parece un hecho<\/strong>.<\/li>\n<\/ul>\n<p><iframe loading=\"lazy\" src=\"https:\/\/www.youtube.com\/embed\/ZGosoC7q_po\" width=\"780\" height=\"438\" frameborder=\"0\" allowfullscreen=\"allowfullscreen\"><\/iframe><\/p>\n<p><strong>Sinopsis<br \/>\n<\/strong>\u00abEl Sol empieza a provocar la muerte de todo aqu\u00e9l que se expone a \u00e9l por motivos desconocidos, aunque todo parece estar relacionado con un cambio de la polaridad. Se trata de un misterioso evento c\u00f3smico que est\u00e1 arrasando el planeta. En B\u00e9lgica, los pasajeros y la tripulaci\u00f3n a bordo de un vuelo nocturno con rumbo a Mosc\u00fa secuestrado intentan evitar el sol y ponen rumbo al oeste, esperando poder refugiarse en la oscuridad&#8230;\u00bb.<\/p>\n<p>&nbsp;<\/p>\n<p>&nbsp;<\/p>\n","protected":false},"excerpt":{"rendered":"<p>&nbsp; La serie se ha estrenado con \u00e9xito seg\u00fan las valoraciones de plataformas como IMDb El 1\u00ba de mayo se<\/p>\n","protected":false},"author":1,"featured_media":25676,"comment_status":"closed","ping_status":"closed","sticky":false,"template":"","format":"standard","meta":{"kia_subtitle":"","footnotes":"","jetpack_publicize_message":"","jetpack_publicize_feature_enabled":true,"jetpack_social_post_already_shared":true,"jetpack_social_options":{"image_generator_settings":{"template":"highway","default_image_id":0,"font":"","enabled":false},"version":2}},"categories":[68],"tags":[357],"class_list":["post-25675","post","type-post","status-publish","format-standard","has-post-thumbnail","hentry","category-cine-y-series","tag-netflix"],"jetpack_publicize_connections":[],"jetpack_featured_media_url":"https:\/\/laurbedigital.com.ar\/noticias\/wp-content\/uploads\/2020\/05\/2020-05-03-netflix.jpg","_links":{"self":[{"href":"https:\/\/laurbedigital.com.ar\/noticias\/wp-json\/wp\/v2\/posts\/25675","targetHints":{"allow":["GET"]}}],"collection":[{"href":"https:\/\/laurbedigital.com.ar\/noticias\/wp-json\/wp\/v2\/posts"}],"about":[{"href":"https:\/\/laurbedigital.com.ar\/noticias\/wp-json\/wp\/v2\/types\/post"}],"author":[{"embeddable":true,"href":"https:\/\/laurbedigital.com.ar\/noticias\/wp-json\/wp\/v2\/users\/1"}],"replies":[{"embeddable":true,"href":"https:\/\/laurbedigital.com.ar\/noticias\/wp-json\/wp\/v2\/comments?post=25675"}],"version-history":[{"count":3,"href":"https:\/\/laurbedigital.com.ar\/noticias\/wp-json\/wp\/v2\/posts\/25675\/revisions"}],"predecessor-version":[{"id":25679,"href":"https:\/\/laurbedigital.com.ar\/noticias\/wp-json\/wp\/v2\/posts\/25675\/revisions\/25679"}],"wp:featuredmedia":[{"embeddable":true,"href":"https:\/\/laurbedigital.com.ar\/noticias\/wp-json\/wp\/v2\/media\/25676"}],"wp:attachment":[{"href":"https:\/\/laurbedigital.com.ar\/noticias\/wp-json\/wp\/v2\/media?parent=25675"}],"wp:term":[{"taxonomy":"category","embeddable":true,"href":"https:\/\/laurbedigital.com.ar\/noticias\/wp-json\/wp\/v2\/categories?post=25675"},{"taxonomy":"post_tag","embeddable":true,"href":"https:\/\/laurbedigital.com.ar\/noticias\/wp-json\/wp\/v2\/tags?post=25675"}],"curies":[{"name":"wp","href":"https:\/\/api.w.org\/{rel}","templated":true}]}}