{"id":25258,"date":"2020-04-23T13:59:52","date_gmt":"2020-04-23T16:59:52","guid":{"rendered":"https:\/\/laurbedigital.com.ar\/noticias\/?p=25258"},"modified":"2020-04-23T13:59:52","modified_gmt":"2020-04-23T16:59:52","slug":"robo-una-camioneta-lo-detuvieron-tras-volcar-control-policial","status":"publish","type":"post","link":"https:\/\/laurbedigital.com.ar\/noticias\/2020\/04\/23\/robo-una-camioneta-lo-detuvieron-tras-volcar-control-policial\/","title":{"rendered":"Rob\u00f3 una camioneta y lo detuvieron tras volcar en un control policial"},"content":{"rendered":"<p>&nbsp;<\/p>\n<h5>El robo se cometi\u00f3 en Rafael Castillo, y el delincuente perdi\u00f3 el control del veh\u00edculo al toparse con un control policial en Ruta 1003 y Los Aromos, en la localidad de Libertad.<\/h5>\n<p>Un delincuente rob\u00f3 una camioneta a un panadero en la localidad bonaerense de Rafael Castillo, en La Matanza, y fue detenido tras volcar al llegar a un control policial apostado en Merlo en el marco del aislamiento por el coronavirus, informaron fuentes policiales.<\/p>\n<p>El hecho se inici\u00f3 el mi\u00e9rcoles por la noche en la calle Kai y Cordero, cuando el comerciante baj\u00f3 de su camioneta Renault Kango y la dej\u00f3 con el motor en marcha estacionada frente a una casa.<\/p>\n<p>Aprovechando la situaci\u00f3n, un ladr\u00f3n, de 28 a\u00f1os, subi\u00f3 al veh\u00edculo y comenz\u00f3 su huida, lo que fue advertido por familiares de la v\u00edctima, quienes comenzaron a perseguirlo en otro auto.<\/p>\n<p>Ya en jurisdicci\u00f3n del partido de Merlo y al toparse con un control policial en Ruta 1003 y Los Aromos, en la localidad de Libertad, el delincuente perdi\u00f3 el control de la camioneta y volc\u00f3, tras lo cual fue detenido por el personal que se encontraba realizado el operativo por el aislamiento obligatorio por coronavirus.<\/p>\n<p>En su poder, el ladr\u00f3n ten\u00eda un arma calibre .22.<\/p>\n<p>El detenido, con antecedente penal por hurto, qued\u00f3 a disposici\u00f3n del fiscal Marcelo Diamode, de la UFI 5 de La Matanza, acusado de \u201crobo de automotor y tenencia ilegal de arma de fuego\u201d.<\/p>\n<p>&nbsp;<\/p>\n<p>&nbsp;<\/p>\n","protected":false},"excerpt":{"rendered":"<p>&nbsp; El robo se cometi\u00f3 en Rafael Castillo, y el delincuente perdi\u00f3 el control del veh\u00edculo al toparse con un<\/p>\n","protected":false},"author":1,"featured_media":25259,"comment_status":"closed","ping_status":"closed","sticky":false,"template":"","format":"standard","meta":{"kia_subtitle":"","footnotes":"","jetpack_publicize_message":"","jetpack_publicize_feature_enabled":true,"jetpack_social_post_already_shared":true,"jetpack_social_options":{"image_generator_settings":{"template":"highway","default_image_id":0,"font":"","enabled":false},"version":2}},"categories":[8],"tags":[],"class_list":["post-25258","post","type-post","status-publish","format-standard","has-post-thumbnail","hentry","category-policiales"],"jetpack_publicize_connections":[],"jetpack_featured_media_url":"https:\/\/laurbedigital.com.ar\/noticias\/wp-content\/uploads\/2020\/04\/2020-04-23-seguridad-1.jpg","_links":{"self":[{"href":"https:\/\/laurbedigital.com.ar\/noticias\/wp-json\/wp\/v2\/posts\/25258","targetHints":{"allow":["GET"]}}],"collection":[{"href":"https:\/\/laurbedigital.com.ar\/noticias\/wp-json\/wp\/v2\/posts"}],"about":[{"href":"https:\/\/laurbedigital.com.ar\/noticias\/wp-json\/wp\/v2\/types\/post"}],"author":[{"embeddable":true,"href":"https:\/\/laurbedigital.com.ar\/noticias\/wp-json\/wp\/v2\/users\/1"}],"replies":[{"embeddable":true,"href":"https:\/\/laurbedigital.com.ar\/noticias\/wp-json\/wp\/v2\/comments?post=25258"}],"version-history":[{"count":1,"href":"https:\/\/laurbedigital.com.ar\/noticias\/wp-json\/wp\/v2\/posts\/25258\/revisions"}],"predecessor-version":[{"id":25260,"href":"https:\/\/laurbedigital.com.ar\/noticias\/wp-json\/wp\/v2\/posts\/25258\/revisions\/25260"}],"wp:featuredmedia":[{"embeddable":true,"href":"https:\/\/laurbedigital.com.ar\/noticias\/wp-json\/wp\/v2\/media\/25259"}],"wp:attachment":[{"href":"https:\/\/laurbedigital.com.ar\/noticias\/wp-json\/wp\/v2\/media?parent=25258"}],"wp:term":[{"taxonomy":"category","embeddable":true,"href":"https:\/\/laurbedigital.com.ar\/noticias\/wp-json\/wp\/v2\/categories?post=25258"},{"taxonomy":"post_tag","embeddable":true,"href":"https:\/\/laurbedigital.com.ar\/noticias\/wp-json\/wp\/v2\/tags?post=25258"}],"curies":[{"name":"wp","href":"https:\/\/api.w.org\/{rel}","templated":true}]}}