{"id":25215,"date":"2020-04-22T14:34:51","date_gmt":"2020-04-22T17:34:51","guid":{"rendered":"https:\/\/laurbedigital.com.ar\/noticias\/?p=25215"},"modified":"2020-04-22T14:34:51","modified_gmt":"2020-04-22T17:34:51","slug":"desde-cerebro-los-dedos-los-pies-asi-puede-extenderse-matar-coronavirus","status":"publish","type":"post","link":"https:\/\/laurbedigital.com.ar\/noticias\/2020\/04\/22\/desde-cerebro-los-dedos-los-pies-asi-puede-extenderse-matar-coronavirus\/","title":{"rendered":"Desde el cerebro hasta los dedos de los pies: as\u00ed puede extenderse y matar el coronavirus"},"content":{"rendered":"<p>&nbsp;<\/p>\n<h5>Los cient\u00edficos advierten que el covid-19 \u00abpuede atacar casi cualquier cosa en el cuerpo, con consecuencias devastadoras\u00bb.<\/h5>\n<p>Numerosos m\u00e9dicos y cient\u00edficos\u00a0coinciden en\u00a0que el nuevo coronavirus no solo puede\u00a0da\u00f1ar los pulmones, sino tambi\u00e9n extenderse a\u00a0varios otros \u00f3rganos, incluso el coraz\u00f3n y los vasos sangu\u00edneos, los ri\u00f1ones, el intestino y el cerebro, seg\u00fan un nuevo art\u00edculo\u00a0publicado\u00a0el pasado viernes en la\u00a0revista Science, el cual describe c\u00f3mo el\u00a0covid-19\u00a0ataca las c\u00e9lulas del cuerpo humano.<\/p>\n<p>\u00ab[La enfermedad]\u00a0<strong>puede atacar casi cualquier cosa en el cuerpo, con consecuencias devastadoras<\/strong>\u00ab,\u00a0advirti\u00f3\u00a0Harlan Krumholz, cardi\u00f3logo de la Universidad de Yale (EE.UU.), quien agrega que \u00absu ferocidad es impresionante y humillante\u00bb.<\/p>\n<h3>\n\u00bfC\u00f3mo comienza la infecci\u00f3n?<\/h3>\n<p>La infecci\u00f3n se inicia cuando el\u00a0SARS-CoV-2\u00a0<strong>ingresa a la nariz y la garganta<\/strong> de una persona que ha inhalado gotas expulsadas en el aire por otra persona contagiada del virus.<\/p>\n<p>Las c\u00e9lulas del\u00a0revestimiento de la nariz son ricas\u00a0en un receptor llamado enzima convertidora de angiotensina 2 (<strong>ACE2<\/strong>), al cual se une el covid-19 para ingresar a la c\u00e9lula.\u00a0Una vez dentro, el virus secuestra la maquinaria de la c\u00e9lula, haciendo innumerables copias de s\u00ed mismo e invadiendo nuevas c\u00e9lulas.<\/p>\n<p>A medida que el virus se multiplica, una persona infectada puede no presentar s\u00edntomas o por el contrario desarrollar fiebre, tos seca, dolor de garganta, p\u00e9rdida de olfato y sabor, o dolores de cabeza y cuerpo. Si el sistema inmunitario no contrarresta el SARS-CoV-2 durante esta fase inicial, el virus\u00a0<strong>baja por la tr\u00e1quea para atacar los pulmones<\/strong>, donde puede volverse mortal.<\/p>\n<p>La batalla del cuerpo contra el virus\u00a0<strong>interrumpe la saludable transferencia de ox\u00edgeno<\/strong>. As\u00ed, las c\u00e9lulas blancas de la sangre de primera l\u00ednea liberan mol\u00e9culas inflamatorias, llamadas quimiocinas, que a su vez convocan m\u00e1s c\u00e9lulas inmunes que atacan y matan a las c\u00e9lulas infectadas por virus, dejando por detr\u00e1s l\u00edquido y c\u00e9lulas muertas.<\/p>\n<p>Esta es la patolog\u00eda subyacente de la neumon\u00eda, con sus s\u00edntomas correspondientes: tos, fiebre y respiraci\u00f3n r\u00e1pida y superficial. Mientras que algunos pacientes consiguen recuperarse de ello con el apoyo del ox\u00edgeno inhalado a trav\u00e9s de los orificios nasales, otros\u00a0desarrollan\u00a0el s\u00edndrome de dificultad respiratoria aguda y\u00a0terminan requiriendo ventiladores pulmonares.<\/p>\n<p>Algunos cient\u00edficos sospechan que la gravedad de ciertos casos se debe a una\u00a0reacci\u00f3n del sistema inmunitario, conocida como\u00a0<strong>&#8216;tormenta de citoquinas&#8217;<\/strong>, que se produce cuando las c\u00e9lulas inmunes comienzan a atacar tejidos sanos. El caso es que el covid-19 parece poder atacar tambi\u00e9n otros \u00f3rganos del cuerpo humano.<\/p>\n<h3>\nAtaque al coraz\u00f3n<\/h3>\n<p>Docenas de estudios se\u00f1alan que el virus tambi\u00e9n\u00a0<strong>ataca el coraz\u00f3n y los vasos sangu\u00edneos<\/strong>, aunque todav\u00eda no est\u00e1 claro c\u00f3mo lo hace. Una investigaci\u00f3n\u00a0mostr\u00f3\u00a0da\u00f1os card\u00edacos en casi el 20 % de 416 pacientes\u00a0con covid-19\u00a0en la ciudad china de Wuhan. Otra\u00a0afirma\u00a0que el 44 % de 36 pacientes ingresados en\u00a0cuidados intensivos en Wuhan\u00a0ten\u00eda arritmias.<\/p>\n<p>Adem\u00e1s, el virus\u00a0parece extenderse tambi\u00e9n a la\u00a0<strong>sangre<\/strong>.\u00a0Entre 184 pacientes ingresados con covid-19 a cuidados intensivos en Pa\u00edses Bajos, el 38 %\u00a0ten\u00eda\u00a0sangre que coagulaba anormalmente, mientras que casi un tercio ya ten\u00eda co\u00e1gulos, los cuales pueden separarse y llegar a los pulmones para bloquear arterias vitales, una condici\u00f3n conocida como embolia pulmonar. Los co\u00e1gulos de las arterias tambi\u00e9n pueden alojarse en el cerebro y causar un\u00a0<strong>derrame cerebral<\/strong>.<\/p>\n<p>La infecci\u00f3n tambi\u00e9n puede conducir a la constricci\u00f3n de los vasos sangu\u00edneos. Hay\u00a0informes\u00a0sobre\u00a0<strong>isquemia en los dedos de manos y pies<\/strong>, una reducci\u00f3n en el flujo sangu\u00edneo que puede provocar hinchaz\u00f3n, dolor en los dedos y muerte de los tejidos.<\/p>\n<p>Asimismo, es posible que en algunas etapas de la enfermedad el virus altere el equilibrio de las hormonas que ayudan a regular la presi\u00f3n arterial y constri\u00f1a los vasos sangu\u00edneos que van a los pulmones.<\/p>\n<h3>\nAtaque a los ri\u00f1ones<\/h3>\n<p>Seg\u00fan otro\u00a0estudio, 27 % de entre 85 pacientes hospitalizados en Wuhan exprimentaron\u00a0<strong>insuficiencia renal<\/strong>. Otra investigaci\u00f3n\u00a0encontr\u00f3\u00a0que el 59 % de casi 200 pacientes hospitalizados por covid-19 en las provincias chinas de Hubei y Sichuan ten\u00edan prote\u00ednas en la orina, y el 44 %, sangre en la orina. Ello sugiere da\u00f1o renal. Las personas con\u00a0<strong>lesi\u00f3n renal aguda<\/strong>\u00a0ten\u00edan m\u00e1s de cinco veces m\u00e1s probabilidades de morir que aquellos diagnosticadon con el covid-19 que no sufr\u00edan de los ri\u00f1ones, concluy\u00f3 esa misma investigaci\u00f3n.<\/p>\n<p>No obstante,\u00a0la lesi\u00f3n renal tambi\u00e9n\u00a0<strong>puede ser resultado de un da\u00f1o colateral<\/strong>. El caso es que los ventiladores aumentan el riesgo de da\u00f1o renal, al igual que los compuestos antivirales, incluido el remdesivir, que se est\u00e1 utilizando para tratar el covid-19. Las tormentas de citoquinas tambi\u00e9n pueden reducir dr\u00e1sticamente el flujo sangu\u00edneo al ri\u00f1\u00f3n, causando da\u00f1os a menudo fatales.<\/p>\n<h3>Ataque al cerebro<\/h3>\n<p>Otros m\u00e9dicos sugieren que el nuevo coronavirus tambi\u00e9n puede atacar el cerebro y el sistema nervioso central. Estos\u00a0especialistas han tratado a pacientes que estaban infectados con el covid-19 y al mismo tiempo sufr\u00edan de\u00a0<strong>encefalitis inflamatoria cerebral o convulsiones<\/strong>. Algunas de estas personas, al resultar contagiadas por el SARS-CoV-2, perd\u00edan brevemente el conocimiento, mientras que otras sufr\u00edan\u00a0<strong>derrames cerebrales<\/strong>\u00a0o perd\u00edan el sentido del olfato.<\/p>\n<p>Un reciente estudio\u00a0inform\u00f3\u00a0sobre rastros del nuevo coronavirus en el l\u00edquido cefalorraqu\u00eddeo de un paciente con el covid-19 que desarroll\u00f3\u00a0<strong>meningitis y encefalitis<\/strong>.<\/p>\n<p>No obstante, hay que tener en cuenta que existen otros factores que pueden estar da\u00f1ando el cerebro. Por ejemplo, una tormenta de citoquinas podr\u00eda causar inflamaci\u00f3n cerebral, y una tendencia exagerada a la coagulaci\u00f3n de la sangre podr\u00eda desencadenar accidentes cerebrovasculares.<\/p>\n<h3>\nAtaque al intestino<\/h3>\n<p>El nuevo coronavirus puede infectar, adem\u00e1s, el revestimiento del tracto digestivo inferior, donde tambi\u00e9n est\u00e1n presentes los receptores ACE2. As\u00ed, un equipo chino\u00a0inform\u00f3\u00a0haber encontrado la cubierta proteica del virus en c\u00e9lulas g\u00e1stricas, duodenales y rectales en biopsias de un paciente con el covid-19.<\/p>\n<p>Los intestinos no son el \u00faltimo destino\u00a0de la marcha de la enfermedad a trav\u00e9s del cuerpo. Por ejemplo,\u00a0algunos pacientes hospitalizados desarrollaron\u00a0<strong>conjuntivitis<\/strong>, aunque no est\u00e1 claro si el virus invade directamente el ojo. Entre tanto, otros informes\u00a0sugieren\u00a0da\u00f1o hep\u00e1tico: m\u00e1s de la mitad de los pacientes con covid-19 hospitalizados en dos centros chinos ten\u00edan niveles elevados de enzimas que indicaban lesiones en el h\u00edgado o los conductos biliares.<\/p>\n","protected":false},"excerpt":{"rendered":"<p>&nbsp; Los cient\u00edficos advierten que el covid-19 \u00abpuede atacar casi cualquier cosa en el cuerpo, con consecuencias devastadoras\u00bb. Numerosos m\u00e9dicos<\/p>\n","protected":false},"author":1,"featured_media":25216,"comment_status":"closed","ping_status":"closed","sticky":false,"template":"","format":"standard","meta":{"kia_subtitle":"","footnotes":"","jetpack_publicize_message":"","jetpack_publicize_feature_enabled":true,"jetpack_social_post_already_shared":true,"jetpack_social_options":{"image_generator_settings":{"template":"highway","default_image_id":0,"font":"","enabled":false},"version":2}},"categories":[15,70],"tags":[],"class_list":["post-25215","post","type-post","status-publish","format-standard","has-post-thumbnail","hentry","category-tendencias","category-salud"],"jetpack_publicize_connections":[],"jetpack_featured_media_url":"https:\/\/laurbedigital.com.ar\/noticias\/wp-content\/uploads\/2020\/04\/2020-04-22-coronavirus-5-4.jpg","_links":{"self":[{"href":"https:\/\/laurbedigital.com.ar\/noticias\/wp-json\/wp\/v2\/posts\/25215","targetHints":{"allow":["GET"]}}],"collection":[{"href":"https:\/\/laurbedigital.com.ar\/noticias\/wp-json\/wp\/v2\/posts"}],"about":[{"href":"https:\/\/laurbedigital.com.ar\/noticias\/wp-json\/wp\/v2\/types\/post"}],"author":[{"embeddable":true,"href":"https:\/\/laurbedigital.com.ar\/noticias\/wp-json\/wp\/v2\/users\/1"}],"replies":[{"embeddable":true,"href":"https:\/\/laurbedigital.com.ar\/noticias\/wp-json\/wp\/v2\/comments?post=25215"}],"version-history":[{"count":1,"href":"https:\/\/laurbedigital.com.ar\/noticias\/wp-json\/wp\/v2\/posts\/25215\/revisions"}],"predecessor-version":[{"id":25217,"href":"https:\/\/laurbedigital.com.ar\/noticias\/wp-json\/wp\/v2\/posts\/25215\/revisions\/25217"}],"wp:featuredmedia":[{"embeddable":true,"href":"https:\/\/laurbedigital.com.ar\/noticias\/wp-json\/wp\/v2\/media\/25216"}],"wp:attachment":[{"href":"https:\/\/laurbedigital.com.ar\/noticias\/wp-json\/wp\/v2\/media?parent=25215"}],"wp:term":[{"taxonomy":"category","embeddable":true,"href":"https:\/\/laurbedigital.com.ar\/noticias\/wp-json\/wp\/v2\/categories?post=25215"},{"taxonomy":"post_tag","embeddable":true,"href":"https:\/\/laurbedigital.com.ar\/noticias\/wp-json\/wp\/v2\/tags?post=25215"}],"curies":[{"name":"wp","href":"https:\/\/api.w.org\/{rel}","templated":true}]}}