{"id":249,"date":"2016-01-09T13:26:23","date_gmt":"2016-01-09T13:26:23","guid":{"rendered":"http:\/\/laurbedigital.com.ar\/noticias\/?p=249"},"modified":"2016-01-09T13:28:44","modified_gmt":"2016-01-09T13:28:44","slug":"1-2-de-los-patronelli-y-peterhansel-marco-el-camino-de-peugeot","status":"publish","type":"post","link":"https:\/\/laurbedigital.com.ar\/noticias\/2016\/01\/09\/1-2-de-los-patronelli-y-peterhansel-marco-el-camino-de-peugeot\/","title":{"rendered":"1-2 de los Patronelli y Peterhansel marc\u00f3 el camino de Peugeot"},"content":{"rendered":"<p>La victoria de Marcos Patronelli (Yamaha) y el segundo lugar de Alejandro (Yamaha) rememora los a\u00f1os dorados de esta dupla, que desde que el Dakar lleg\u00f3 a Sudam\u00e9rica altern\u00f3 triunfos y cuatro campeonatos, dos para cada uno.<\/p>\n<p>La \u00faltima victoria efectiva del menor de los hermanos hab\u00eda sido en 2014,\u00a0 previo a su temprano abandono por un accidente.<\/p>\n<p>La tercera etapa de este Dakar, entre Termas de R\u00edo Hondo y Jujuy, hab\u00eda sido ganada por Marcos aunque horas despu\u00e9s la organizaci\u00f3n modific\u00f3 los tiempos porque el \u00faltimo punto de velocidad donde el piloto hab\u00eda logrado el mejor tiempo hab\u00eda sido anulado de la hoja de ruta el d\u00eda anterior.<\/p>\n<p>\u00abNo me ven\u00eda saliendo una, esta etapa me deja contento. Fue muy linda. Lo peor est\u00e1 por venir\u00bb, dijo en el campamento de Uyuni.<\/p>\n<p>La etapa de hoy que se corri\u00f3 sobre un trazado bucle Uyuni-Uyuni tuvo un total de 723 kil\u00f3metros para autos, motos y cuatriciclos, con una especial de 542 kil\u00f3metros, que exigi\u00f3 el m\u00e1ximo nivel de concentraci\u00f3n a los pilotos, muchos afectados por la altura.<\/p>\n<p>Tierra, arena, partes veloces y otras muy lentas, sumadas a los 3.500 y 4.200 metros de altitud de algunos tramos de carrera, convirtieron a esta etapa en la m\u00e1s compleja de las corridas hasta ahora.<\/p>\n<p>Fueron las motos y los cuatrciclos los que m\u00e1s sufrieron los embates del camino, con varios abandonos por ca\u00eddas, entre ellos el del chileno Ignacio Casale (Yamaha), firme candidatos al t\u00edtulo en quad.<\/p>\n<p>El chileno sufri\u00f3 una ca\u00edda que le provoc\u00f3 la rotura de la clav\u00edcula, por lo que cerca de las cuatro de la tarde lleg\u00f3 al campamento de Uyuni en ambulancia, inmovilizado y mascando coca.<\/p>\n<p>Lejos de estos contratiempos, Marcos Patronelli complet\u00f3 la especial de 542 kil\u00f3metros en 6h53m39s y releg\u00f3 a Alejandro por 6m39s y al sudafricano Brian Baragwanath por 8m21s.<\/p>\n<p>El ruso Sergei Karyakin (Yamaha); el argentino Jerem\u00edas Gonz\u00e1lez Ferioli (Yamaha) y el boliviano Walter Nosiglia (Honda), llegaron cuarto, quinto y sexto, respectivamente.<\/p>\n<p>El menor de los Patronelli lidera ahora la general con un tiempo total de 24h01m27s; segundo est\u00e1 Alejandro a 2m48s; tercero Karyakin a 5m39s; cuarto el peruano Alexis Fern\u00e1ndez\u00a0 a 21m01s y quinto Gonz\u00e1lez Ferioli a 24m09s<\/p>\n<p>S\u00ed de victorias dakarianas se trata, Peterhansel gan\u00f3 su 34\u00ba etapa en autos (tiene 33 en motos) y sum\u00f3 otra especial para Peugeot, equipo que monopoliz\u00f3 hasta ahora los triunfos de este Dakar 2016 en la categor\u00eda.<\/p>\n<p>El once veces campe\u00f3n del Dakar gan\u00f3 la etapa tras completar una especial \u201cperfecta y sin contratiempos\u201d, en un tiempo de 5h01m07s, y asumi\u00f3 el liderazgo de la categor\u00eda.<\/p>\n<p>\u201cFue una etapa genial, en la que ni siquiera sufrimos pinchazos\u201d, relat\u00f3 el franc\u00e9s, quien con este triunfo escal\u00f3 al primer lugar de la clasificaci\u00f3n general, aunque con apenas 27s sobre su compatriota Sebastien Loeb.<\/p>\n<p>El espa\u00f1ol Carlos Sainz, ganador en 2010, lleg\u00f3 segundo a la meta a s\u00f3lo 17 segundos de Peterhansel y marc\u00f3 el 1-2 del d\u00eda para Peugeot.<\/p>\n<p>En cambio, el hasta hoy imparable Loeb tuvo una etapa con algunas complicaciones, primero con un pinchazo y despu\u00e9s con un problema el\u00e9ctrico que bloque\u00f3 el acelerador.<\/p>\n<p>Ayer, su compa\u00f1ero de equipo Cyril Despres hab\u00eda sufrido un problema el\u00e9ctrico que lo releg\u00f3 en la clasificaci\u00f3n.<\/p>\n<p>Pese a los problemas sufridos hoy, el campe\u00f3n mundial de Rally arrib\u00f3 en el cuarto lugar, a 8m15s de su compa\u00f1ero Peterhansel.<\/p>\n<p>El \u00e1rabe Yazeed Al Rajhi aprovech\u00f3 los problemas de Loeb para subir al tercer escal\u00f3n del podio al quedar a 7m19s del ganador.<\/p>\n<p>El qatar\u00ed Nasser Al Attiyah; el catal\u00e1n Nani Roma y el mendocino Orly Terranova conformaron el mejor pelot\u00f3n de MINI, con el quinto, sexto y s\u00e9ptimo puesto, respectivamente.<\/p>\n<p>El cuyano fue el mejor argentino de la jornada en autos tras completar la etapa en 05h14m13a y arribar a la final de la especial a 13m06s de Peterhansel.<\/p>\n<p>El otro argentino que sell\u00f3 otra buena actuaci\u00f3n fue Emiliano Spataro (Duster) al terminar 13\u00ba a 22m31s de la punta.<\/p>\n<p>Disputadas seis etapas, el Dakar tiene como l\u00edder de autos a Paterhansel con 18h26m20s; segundo a Loeb a s\u00f3lo 27s; tercero a Sainz a 5m55s; cuarto Al Attiyah a 15m19s y quinto al sudafricano Giniel De Villers (Toyota) a 29m21s.<\/p>\n<p>En tanto, Spataro es el mejor argentino en el d\u00e9cimo puesto y Terrenova est\u00e1 11\u00ba.<\/p>\n<p>En motos, el australiano Tobby Price (KTM) hizo doblete al adjudicarse su segunda etapa consecutiva tras completar una accidentada especial para varios de sus compa\u00f1eros, en 5h51m48s.<\/p>\n<p>Price, ganador tambi\u00e9n de la segunda etapa entre Termas y Jujuy,\u00a0 lleg\u00f3 a toparse con uno de los autos que hab\u00edan quedado atascados en la arena del kil\u00f3metro 22 de la especial, aunque sin consecuencias para ninguno.<\/p>\n<p>El australiano aventaj\u00f3\u00a0 a Matthias Walkner por 1m50s y al portugu\u00e9s Paulo Goncalves (Honda) por 1m12s, quien complet\u00f3 el podio de etapa.<\/p>\n<p>En lo que fue una etapa muy complicada para las motos y que dej\u00f3 varios abandonos, los argentinos Kevin Benavides y Javier Pizzolito, ambos con Honda, tuvieron suerte dispar.<\/p>\n<p>El salte\u00f1o arrib\u00f3 a la meta en el 17\u00ba porque sufri\u00f3 la rotura de la torreta -la estructura donde los pilotos llevan el gps y la hoja de ruta- por lo que tuvo correr casi la mitad de la especial sosteni\u00e9ndola con una mano.<\/p>\n<p>Pero eso no fue todo y a 18 kil\u00f3metros del final un cable suelto de la misma torreta se enganch\u00f3 y gener\u00f3 un falso contacto que provoc\u00f3 que se le apagara la moto, inconveniente que tard\u00f3 varios minutos en solucionar.<\/p>\n<p>Por su parte, Pizzolito se cay\u00f3 de la moto y aunque no fue muy fuerte, dio con la cabeza de lleno en el piso y estuvo unos minutos inconsciente.<\/p>\n<p>Pese al golpe, el piloto de Pinamar pudo seguir la carrera y termin\u00f3 38\u00ba.Con estos resultados, Benavides cay\u00f3 en la clasificaci\u00f3n general de motos del segundo al s\u00e9ptimo lugar, a 21m 04s del l\u00edder<\/p>\n<p>Benavides cay\u00f3 del segundo al octavo, a 21m 04s, detr\u00e1s del l\u00edder Goncalves (20h 23m 07s), quien es seguido ahora por Price a 35s y por Waklner a 2m 50s.<\/p>\n<p>Los competidores reingresar\u00e1n ma\u00f1ana s\u00e1bado a territorio argentino, en la s\u00e9ptima etapa que unir\u00e1 Uyuni con Salta (793 kil\u00f3metros totales y 353 km de especial), donde tendr\u00e1n el ansiado d\u00eda de descanso, para retomar con la octava etapa el lunes, hacia Bel\u00e9n (Catamarca).<\/p>\n","protected":false},"excerpt":{"rendered":"<p>La victoria de Marcos Patronelli (Yamaha) y el segundo lugar de Alejandro (Yamaha) rememora los a\u00f1os dorados de esta dupla,<\/p>\n","protected":false},"author":1,"featured_media":243,"comment_status":"closed","ping_status":"closed","sticky":false,"template":"","format":"standard","meta":{"kia_subtitle":"","footnotes":"","jetpack_publicize_message":"","jetpack_publicize_feature_enabled":true,"jetpack_social_post_already_shared":false,"jetpack_social_options":{"image_generator_settings":{"template":"highway","default_image_id":0,"font":"","enabled":false},"version":2}},"categories":[27,4],"tags":[],"class_list":["post-249","post","type-post","status-publish","format-standard","has-post-thumbnail","hentry","category-dakar","category-deporte"],"jetpack_publicize_connections":[],"jetpack_featured_media_url":"https:\/\/laurbedigital.com.ar\/noticias\/wp-content\/uploads\/2016\/01\/20160109-dakar.jpg","_links":{"self":[{"href":"https:\/\/laurbedigital.com.ar\/noticias\/wp-json\/wp\/v2\/posts\/249","targetHints":{"allow":["GET"]}}],"collection":[{"href":"https:\/\/laurbedigital.com.ar\/noticias\/wp-json\/wp\/v2\/posts"}],"about":[{"href":"https:\/\/laurbedigital.com.ar\/noticias\/wp-json\/wp\/v2\/types\/post"}],"author":[{"embeddable":true,"href":"https:\/\/laurbedigital.com.ar\/noticias\/wp-json\/wp\/v2\/users\/1"}],"replies":[{"embeddable":true,"href":"https:\/\/laurbedigital.com.ar\/noticias\/wp-json\/wp\/v2\/comments?post=249"}],"version-history":[{"count":1,"href":"https:\/\/laurbedigital.com.ar\/noticias\/wp-json\/wp\/v2\/posts\/249\/revisions"}],"predecessor-version":[{"id":250,"href":"https:\/\/laurbedigital.com.ar\/noticias\/wp-json\/wp\/v2\/posts\/249\/revisions\/250"}],"wp:featuredmedia":[{"embeddable":true,"href":"https:\/\/laurbedigital.com.ar\/noticias\/wp-json\/wp\/v2\/media\/243"}],"wp:attachment":[{"href":"https:\/\/laurbedigital.com.ar\/noticias\/wp-json\/wp\/v2\/media?parent=249"}],"wp:term":[{"taxonomy":"category","embeddable":true,"href":"https:\/\/laurbedigital.com.ar\/noticias\/wp-json\/wp\/v2\/categories?post=249"},{"taxonomy":"post_tag","embeddable":true,"href":"https:\/\/laurbedigital.com.ar\/noticias\/wp-json\/wp\/v2\/tags?post=249"}],"curies":[{"name":"wp","href":"https:\/\/api.w.org\/{rel}","templated":true}]}}