{"id":24672,"date":"2020-04-10T19:44:28","date_gmt":"2020-04-10T22:44:28","guid":{"rendered":"https:\/\/laurbedigital.com.ar\/noticias\/?p=24672"},"modified":"2020-04-10T19:44:28","modified_gmt":"2020-04-10T22:44:28","slug":"pandemia-sonora-colectivo-musicos-comparten-canciones-manera-virtual-tiempos-aislamiento-social","status":"publish","type":"post","link":"https:\/\/laurbedigital.com.ar\/noticias\/2020\/04\/10\/pandemia-sonora-colectivo-musicos-comparten-canciones-manera-virtual-tiempos-aislamiento-social\/","title":{"rendered":"Pandemia Sonora: colectivo de m\u00fasicos comparten canciones de manera virtual en tiempos de aislamiento social"},"content":{"rendered":"<p>&nbsp;<\/p>\n<h5>La propuesta de un colectivo musical del sur del conurbano bonaerense que invita a la comunidad a compartir de forma virtual y hacer m\u00e1s llevadero el aislamiento social, preventivo y obligatorio.<\/h5>\n<p><strong>Esta iniciativa surge de un grupo de m\u00fasicos sure\u00f1os oriundos de Longchamps, Glew, Guernica y otros puntos, con una interesante propuesta de Pepe (Abad\u00eda en Llamas) para compartir y difundir su arte grab\u00e1ndose desde celulares, c\u00e1maras y plataformas virtuales donde exponen y tocan al comp\u00e1s m\u00e1s de un artista.<\/strong><\/p>\n<p>La idea planteada por los m\u00fasicos sure\u00f1os es transmitir y jugar con diferentes g\u00e9neros m\u00fasicales (rock, bossa, punk y ska entre otros) siempre en la l\u00ednea de\u00a0\u00abtintes sonoros con estilo ac\u00fastico\u00bb que comparten en su cuenta de facebook Pandemia Sonora.<\/p>\n<p>La convocatoria se trata de grabar y subir un v\u00eddeo de un tema, instrumental o no, hecho en forma casera y descartando bandas o grabaciones en estudio, pero sin limitaci\u00f3n del g\u00e9nero musical.\u00a0Desde composiciones de Lisandro Aristimu\u00f1o hasta canciones de culto que enrriquecieron nuestra cultura, se presentan en material audiovisual disponibles para el disfrute de todos.<\/p>\n<p>Fito L\u00f3pez, Marcos Enakordeon (bajista de \u00c9xtasis), Nicol\u00e1s Farache (Sinclair), Farco Zapata, Gary (Desterrando el Ego), Mariano Drums, Pablo Araujo, Rodrigo (Los Buhos), Carlos Mart\u00edn Britos y se sumaron a la brevedad como part\u00edcipes, desplegando su impronta musical y dejaron plasmados en los v\u00eddeos su marca art\u00edstica para compartir con toda la gente. Este proyecto re\u00fane a la mismos m\u00fasicos que impulsaron hace algunos a\u00f1os \u00abArtistas Contra el Ajuste\u00bb en protesta y repudio a las pol\u00edticas neoliberales de Mauricio Macri, donde su gesta principal fue en los a\u00f1os 90&#8242; que de esta forma se organizaron y accionaron en la recuperaci\u00f3n y generaci\u00f3n de los espacios como plazas y calles para tocar y expresarse.<\/p>\n<p>Dicha propuesta suena cada vez m\u00e1s fuerte e invita a m\u00e1s artistas a sumarse sin romper el aislamiento pero aprovechando la tecnolog\u00eda para encontrarse y musicalizar esta cuarentena.<\/p>\n<p>Facebook: Pandemia Sonora<\/p>\n<p><a href=\"https:\/\/www.facebook.com\/Pandemia-Sonora-105783507744880\/\" target=\"_blank\" rel=\"noopener noreferrer\" data-saferedirecturl=\"https:\/\/www.google.com\/url?q=https:\/\/www.facebook.com\/Pandemia-Sonora-105783507744880\/&amp;source=gmail&amp;ust=1586636517832000&amp;usg=AFQjCNGDs8O0UkvvA-poAbzdt4Wv8SO_hg\">https:\/\/www.facebook.com\/<wbr \/>Pandemia-Sonora-<wbr \/>105783507744880\/<\/a><\/p>\n","protected":false},"excerpt":{"rendered":"<p>&nbsp; La propuesta de un colectivo musical del sur del conurbano bonaerense que invita a la comunidad a compartir de<\/p>\n","protected":false},"author":1,"featured_media":24673,"comment_status":"closed","ping_status":"closed","sticky":false,"template":"","format":"standard","meta":{"kia_subtitle":"","footnotes":"","jetpack_publicize_message":"","jetpack_publicize_feature_enabled":true,"jetpack_social_post_already_shared":true,"jetpack_social_options":{"image_generator_settings":{"template":"highway","default_image_id":0,"font":"","enabled":false},"version":2}},"categories":[5],"tags":[],"class_list":["post-24672","post","type-post","status-publish","format-standard","has-post-thumbnail","hentry","category-cultura"],"jetpack_publicize_connections":[],"jetpack_featured_media_url":"https:\/\/laurbedigital.com.ar\/noticias\/wp-content\/uploads\/2020\/04\/2020-04-10-cultura-2-2-2222.jpg","_links":{"self":[{"href":"https:\/\/laurbedigital.com.ar\/noticias\/wp-json\/wp\/v2\/posts\/24672","targetHints":{"allow":["GET"]}}],"collection":[{"href":"https:\/\/laurbedigital.com.ar\/noticias\/wp-json\/wp\/v2\/posts"}],"about":[{"href":"https:\/\/laurbedigital.com.ar\/noticias\/wp-json\/wp\/v2\/types\/post"}],"author":[{"embeddable":true,"href":"https:\/\/laurbedigital.com.ar\/noticias\/wp-json\/wp\/v2\/users\/1"}],"replies":[{"embeddable":true,"href":"https:\/\/laurbedigital.com.ar\/noticias\/wp-json\/wp\/v2\/comments?post=24672"}],"version-history":[{"count":1,"href":"https:\/\/laurbedigital.com.ar\/noticias\/wp-json\/wp\/v2\/posts\/24672\/revisions"}],"predecessor-version":[{"id":24674,"href":"https:\/\/laurbedigital.com.ar\/noticias\/wp-json\/wp\/v2\/posts\/24672\/revisions\/24674"}],"wp:featuredmedia":[{"embeddable":true,"href":"https:\/\/laurbedigital.com.ar\/noticias\/wp-json\/wp\/v2\/media\/24673"}],"wp:attachment":[{"href":"https:\/\/laurbedigital.com.ar\/noticias\/wp-json\/wp\/v2\/media?parent=24672"}],"wp:term":[{"taxonomy":"category","embeddable":true,"href":"https:\/\/laurbedigital.com.ar\/noticias\/wp-json\/wp\/v2\/categories?post=24672"},{"taxonomy":"post_tag","embeddable":true,"href":"https:\/\/laurbedigital.com.ar\/noticias\/wp-json\/wp\/v2\/tags?post=24672"}],"curies":[{"name":"wp","href":"https:\/\/api.w.org\/{rel}","templated":true}]}}