{"id":24187,"date":"2020-03-27T18:00:53","date_gmt":"2020-03-27T21:00:53","guid":{"rendered":"https:\/\/laurbedigital.com.ar\/noticias\/?p=24187"},"modified":"2020-03-27T18:00:53","modified_gmt":"2020-03-27T21:00:53","slug":"gonzalez-garcia-numero-casos-viene-debajo-lo-estabamos-esperando","status":"publish","type":"post","link":"https:\/\/laurbedigital.com.ar\/noticias\/2020\/03\/27\/gonzalez-garcia-numero-casos-viene-debajo-lo-estabamos-esperando\/","title":{"rendered":"Gonz\u00e1lez Garc\u00eda: \u00abEl n\u00famero de casos viene por debajo de lo que est\u00e1bamos esperando\u00bb"},"content":{"rendered":"<p>&nbsp;<\/p>\n<h5>El ministro de Salud habl\u00f3 sobre la evoluci\u00f3n de la enfermedad en el pa\u00eds, y explic\u00f3 c\u00f3mo intervino el Estado en la compra y distribuci\u00f3n de respiradores.<\/h5>\n<p>El ministro de Salud, Gin\u00e9s Gonz\u00e1lez Garc\u00eda, afirm\u00f3 que \u201cel n\u00famero de casos viene por debajo de lo que est\u00e1bamos esperando\u201d, en referencia a la evoluci\u00f3n del contagio de coronavirus Covid-19 en Argentina.<\/p>\n<p>El funcionario sostuvo, en declaraciones al programa Cort\u00e1 por Lozano -de Telefe-, que \u201cprimero hay que felicitar a todos los argentinos que est\u00e1n cumpliendo con la cuarentena, hay algunos que todav\u00eda no la cumplen y les pedimos que entiendan que es por el bien de todos\u00bb.<\/p>\n<p>\u00abNosotros hemos hecho muchas curvas de simulaci\u00f3n y la verdad que el n\u00famero de casos registrados viene por debajo de lo que ven\u00edamos previendo\u201d, remarc\u00f3.<\/p>\n<p>El ministro indic\u00f3 que \u201clos primeros resultados de esta cuarentena los vamos a ver reci\u00e9n despu\u00e9s del 31 de marzo, cuando podamos analizar si se mantiene una curva bien aplanada\u00bb.<\/p>\n<p>Y explic\u00f3 que \u00abla estrategia es ganar tiempo para que se preparen mejor los servicios sanitarios, que el pico de demanda no sea tan alto, que los casos sean los menos posibles y extendidos en el tiempo\u201d.<\/p>\n<p>\u201cEstamos mirando lo que est\u00e1 pasando en todo el mundo para ver qu\u00e9 se puede aplicar ac\u00e1, el mundo en general reaccion\u00f3 tarde y nosotros pudimos tomar medidas desde antes de registrar el primer caso e ir de manera gradual hasta esta cuarentena\u201d, a\u00f1adi\u00f3.<\/p>\n<p>Gonz\u00e1lez Garc\u00eda subray\u00f3 que \u201cdentro de las hip\u00f3tesis el pico de coronavirus en Argentina lo ten\u00edamos en la segunda quincena de abril, pero como lo estamos ralentizando quiz\u00e1 sea m\u00e1s adelante, aunque eso tiene que ver con c\u00f3mo se vaya propagando el virus\u00bb.<\/p>\n<p>\u00abEstamos tomando todas las medidas posibles para evitar un pico de contagios porque no hay sistema sanitario en el mundo que pueda gestionar esa demanda\u201d, afirm\u00f3.<\/p>\n<p>El funcionario subray\u00f3 que \u201cArgentina ten\u00eda una capacidad muy limitada de producci\u00f3n de respiradores\u00bb y que se pusieron en contacto con las tres f\u00e1bricas y la m\u00e1s grande, que concentra el 80% del mercado, \u00abcont\u00f3 que ten\u00eda una demanda de 2500 unidades para el sector p\u00fablico y 1200 para el sector privado con una capacidad de producci\u00f3n de 80 por semana que ahora se llev\u00f3 a 100 y que la distribuci\u00f3n era seg\u00fan qui\u00e9n pagaba primero\u201d.<\/p>\n<p>\u201cAnte este escenario, decidimos comprar toda la producci\u00f3n nosotros para distribuirlos de acuerdo a las necesidades, por ejemplo, atendiendo a Chaco que hoy tiene un escenario m\u00e1s avanzado que otros lugares del pa\u00eds\u00bb, dijo.<\/p>\n<p>Y concluy\u00f3 explicando que \u00abla \u00fanica manera de administrar con justicia los recursos, era hacerlo desde el gobierno nacional\u201d.<\/p>\n<p>&nbsp;<\/p>\n","protected":false},"excerpt":{"rendered":"<p>&nbsp; El ministro de Salud habl\u00f3 sobre la evoluci\u00f3n de la enfermedad en el pa\u00eds, y explic\u00f3 c\u00f3mo intervino el<\/p>\n","protected":false},"author":1,"featured_media":24188,"comment_status":"closed","ping_status":"closed","sticky":false,"template":"","format":"standard","meta":{"kia_subtitle":"","footnotes":"","jetpack_publicize_message":"","jetpack_publicize_feature_enabled":true,"jetpack_social_post_already_shared":true,"jetpack_social_options":{"image_generator_settings":{"template":"highway","default_image_id":0,"font":"","enabled":false},"version":2}},"categories":[3,41],"tags":[2254,2407,2456,2458,72],"class_list":["post-24187","post","type-post","status-publish","format-standard","has-post-thumbnail","hentry","category-actualidad","category-nacionales","tag-coronavirus","tag-covid-19","tag-cuarentena","tag-pandemia","tag-salud"],"jetpack_publicize_connections":[],"jetpack_featured_media_url":"https:\/\/laurbedigital.com.ar\/noticias\/wp-content\/uploads\/2020\/03\/20200327-salud-2-00001.jpg","_links":{"self":[{"href":"https:\/\/laurbedigital.com.ar\/noticias\/wp-json\/wp\/v2\/posts\/24187","targetHints":{"allow":["GET"]}}],"collection":[{"href":"https:\/\/laurbedigital.com.ar\/noticias\/wp-json\/wp\/v2\/posts"}],"about":[{"href":"https:\/\/laurbedigital.com.ar\/noticias\/wp-json\/wp\/v2\/types\/post"}],"author":[{"embeddable":true,"href":"https:\/\/laurbedigital.com.ar\/noticias\/wp-json\/wp\/v2\/users\/1"}],"replies":[{"embeddable":true,"href":"https:\/\/laurbedigital.com.ar\/noticias\/wp-json\/wp\/v2\/comments?post=24187"}],"version-history":[{"count":1,"href":"https:\/\/laurbedigital.com.ar\/noticias\/wp-json\/wp\/v2\/posts\/24187\/revisions"}],"predecessor-version":[{"id":24189,"href":"https:\/\/laurbedigital.com.ar\/noticias\/wp-json\/wp\/v2\/posts\/24187\/revisions\/24189"}],"wp:featuredmedia":[{"embeddable":true,"href":"https:\/\/laurbedigital.com.ar\/noticias\/wp-json\/wp\/v2\/media\/24188"}],"wp:attachment":[{"href":"https:\/\/laurbedigital.com.ar\/noticias\/wp-json\/wp\/v2\/media?parent=24187"}],"wp:term":[{"taxonomy":"category","embeddable":true,"href":"https:\/\/laurbedigital.com.ar\/noticias\/wp-json\/wp\/v2\/categories?post=24187"},{"taxonomy":"post_tag","embeddable":true,"href":"https:\/\/laurbedigital.com.ar\/noticias\/wp-json\/wp\/v2\/tags?post=24187"}],"curies":[{"name":"wp","href":"https:\/\/api.w.org\/{rel}","templated":true}]}}