{"id":23975,"date":"2020-03-21T18:46:47","date_gmt":"2020-03-21T21:46:47","guid":{"rendered":"https:\/\/laurbedigital.com.ar\/noticias\/?p=23975"},"modified":"2020-03-21T18:46:47","modified_gmt":"2020-03-21T21:46:47","slug":"catolicos-evangelicos-convocan-orar-juntos-fin-la-pandemia-coronavirus","status":"publish","type":"post","link":"https:\/\/laurbedigital.com.ar\/noticias\/2020\/03\/21\/catolicos-evangelicos-convocan-orar-juntos-fin-la-pandemia-coronavirus\/","title":{"rendered":"Cat\u00f3licos y Evang\u00e9licos convocan a orar juntos por el fin de la pandemia de coronavirus"},"content":{"rendered":"<p>&nbsp;<\/p>\n<h5>La Alianza Cristiana de Iglesias Evang\u00e9licas de la Rep\u00fablica Argentina (Aciera) y la Conferencia Episcopal Argentina (CEA) convocaron a orar ma\u00f1ana en forma conjunta por el fin de la pandemia de coronavirus.<\/h5>\n<p>Aciera destac\u00f3 que la convocatoria es \u00abelevar oraciones desde los hogares para pedir por el fin de la pandemia del coronavirus, pedir por los enfermos y por los que sufren la emergencia, y agradecer al personal sanitario\u00bb.<\/p>\n<p>\u201cAnimados por el Esp\u00edritu Santo, los cat\u00f3licos y evang\u00e9licos sentimos la necesidad de encontrarnos para elevar nuestra oraci\u00f3n a Cristo, \u00fanico intercesor ante el Padre de todos\u201d, expresa el comunicado.<\/p>\n<p>ACIERA y CEA explicaron que se unen en \u201cun mismo sentir para elevar una oraci\u00f3n por los enfermos y los que m\u00e1s sufren en esta hora compleja que vive la poblaci\u00f3n\u201d.<\/p>\n<p>\u201cEn comuni\u00f3n damos gracias por el personal sanitario, m\u00e9dicas y m\u00e9dicos, enfermeras y enfermeros que sirven a nuestro pueblo\u201d, concluyeron.<\/p>\n<p>&nbsp;<\/p>\n","protected":false},"excerpt":{"rendered":"<p>&nbsp; La Alianza Cristiana de Iglesias Evang\u00e9licas de la Rep\u00fablica Argentina (Aciera) y la Conferencia Episcopal Argentina (CEA) convocaron a<\/p>\n","protected":false},"author":1,"featured_media":23976,"comment_status":"closed","ping_status":"closed","sticky":false,"template":"","format":"standard","meta":{"kia_subtitle":"","footnotes":"","jetpack_publicize_message":"","jetpack_publicize_feature_enabled":true,"jetpack_social_post_already_shared":true,"jetpack_social_options":{"image_generator_settings":{"template":"highway","default_image_id":0,"font":"","enabled":false},"version":2}},"categories":[3],"tags":[2254,2407,2458],"class_list":["post-23975","post","type-post","status-publish","format-standard","has-post-thumbnail","hentry","category-actualidad","tag-coronavirus","tag-covid-19","tag-pandemia"],"jetpack_publicize_connections":[],"jetpack_featured_media_url":"https:\/\/laurbedigital.com.ar\/noticias\/wp-content\/uploads\/2020\/03\/20200321-orar-2-00004.jpg","_links":{"self":[{"href":"https:\/\/laurbedigital.com.ar\/noticias\/wp-json\/wp\/v2\/posts\/23975","targetHints":{"allow":["GET"]}}],"collection":[{"href":"https:\/\/laurbedigital.com.ar\/noticias\/wp-json\/wp\/v2\/posts"}],"about":[{"href":"https:\/\/laurbedigital.com.ar\/noticias\/wp-json\/wp\/v2\/types\/post"}],"author":[{"embeddable":true,"href":"https:\/\/laurbedigital.com.ar\/noticias\/wp-json\/wp\/v2\/users\/1"}],"replies":[{"embeddable":true,"href":"https:\/\/laurbedigital.com.ar\/noticias\/wp-json\/wp\/v2\/comments?post=23975"}],"version-history":[{"count":1,"href":"https:\/\/laurbedigital.com.ar\/noticias\/wp-json\/wp\/v2\/posts\/23975\/revisions"}],"predecessor-version":[{"id":23977,"href":"https:\/\/laurbedigital.com.ar\/noticias\/wp-json\/wp\/v2\/posts\/23975\/revisions\/23977"}],"wp:featuredmedia":[{"embeddable":true,"href":"https:\/\/laurbedigital.com.ar\/noticias\/wp-json\/wp\/v2\/media\/23976"}],"wp:attachment":[{"href":"https:\/\/laurbedigital.com.ar\/noticias\/wp-json\/wp\/v2\/media?parent=23975"}],"wp:term":[{"taxonomy":"category","embeddable":true,"href":"https:\/\/laurbedigital.com.ar\/noticias\/wp-json\/wp\/v2\/categories?post=23975"},{"taxonomy":"post_tag","embeddable":true,"href":"https:\/\/laurbedigital.com.ar\/noticias\/wp-json\/wp\/v2\/tags?post=23975"}],"curies":[{"name":"wp","href":"https:\/\/api.w.org\/{rel}","templated":true}]}}