{"id":23972,"date":"2020-03-21T18:41:48","date_gmt":"2020-03-21T21:41:48","guid":{"rendered":"https:\/\/laurbedigital.com.ar\/noticias\/?p=23972"},"modified":"2020-03-21T18:41:48","modified_gmt":"2020-03-21T21:41:48","slug":"ministerio-salud-difunde-recomendaciones-ejercicio-una-comunicacion-responsable","status":"publish","type":"post","link":"https:\/\/laurbedigital.com.ar\/noticias\/2020\/03\/21\/ministerio-salud-difunde-recomendaciones-ejercicio-una-comunicacion-responsable\/","title":{"rendered":"El Ministerio de Salud difunde recomendaciones para el ejercicio de una comunicaci\u00f3n responsable"},"content":{"rendered":"<p>&nbsp;<\/p>\n<h5>El Ministerio de Salud y la Secretaria de Medios difundieron una serie de recomendaciones para el ejercicio de \u00abuna comunicaci\u00f3n responsable\u00bb sobre la pandemia del coronavirus, con criterios avalados por la Organizaci\u00f3n Mundial de la Salud (OMS), la Organizaci\u00f3n Panamericana de la Salud (OPS) y la Defensor\u00eda del P\u00fablico.<\/h5>\n<p><strong>Se trata de un documento con diez premisas que deben tenerse en cuenta a la hora de difundir contenidos en el actual contexto de emergencia sanitaria.<\/strong><\/p>\n<p>1- Difundir \u00abinformaci\u00f3n proveniente de fuentes oficiales y especializadas en la tem\u00e1tica\u00bb, como el Ministerio de Salud, que est\u00e1 encargado de relevar \u00ablos datos locales y quien comunica las medidas de prevenci\u00f3n y asistencia vigentes en Argentina\u00bb.<\/p>\n<p>\u00abLa Organizaci\u00f3n Mundial de la Salud (OMS) es el organismo que nuclea y actualiza la informaci\u00f3n oficial de cada pa\u00eds\u00bb y por eso \u00abresulta necesario comunicar a las audiencias, en todos los casos, los datos profesionales junto con \u00abla matr\u00edcula de las voces convocadas para el an\u00e1lisis de la pandemia\u00bb.<\/p>\n<p>2- Brindar informaci\u00f3n \u00absocialmente relevante y considerar la informaci\u00f3n como servicio y priorizar la vinculada con s\u00edntomas espec\u00edficos del virus; mecanismos de transmisi\u00f3n; grupos etarios de riesgo; l\u00edneas telef\u00f3nicas y\/o sitios virtuales de atenci\u00f3n y centros de asistencia para quienes presenten s\u00edntomas; medidas de prevenci\u00f3n e higiene en el \u00e1mbito individual, familiar, social y laboral establecidas por los organismos competentes, as\u00ed como protocolos y normativa vigente sobre cuarentena y\/o aislamiento social\u00bb.<\/p>\n<p>3- Promover abordajes rigurosos y evitar el p\u00e1nico, es otra de las premisas, y por eso las informaciones deben tener una orientaci\u00f3n \u00abconcreta, precisa y chequeada que pueda orientar a la poblaci\u00f3n\u00bb.<\/p>\n<p>\u00abEs fundamental atender y neutralizar el potencial efecto generador de p\u00e1nico social que estas modalidades de comunicaci\u00f3n pudieran propiciar\u00bb y \u00abse sugiere evitar la difusi\u00f3n de conjeturas personales, rumores, titulares e im\u00e1genes de alto impacto, musicalizaci\u00f3n y sonidos de cat\u00e1strofes al igual que magnificar los datos (cifras de pacientes, falta de suministros sanitarios, entre otros aspectos) en pos de la espectacularizaci\u00f3n\u00bb.<\/p>\n<p>4- Se solicita \u00abutilizar la palabra transmisi\u00f3n en lugar de contagio\u00bb, ya que seg\u00fan este cat\u00e1logo resulta \u00abm\u00e1s precisa en el marco de esta pandemia y, a su vez, el contagio supone que hay una v\u00edctima y un victimario\u00bb.<\/p>\n<p>5- No estigmatizar con palabras y hechos y priorizar el respeto de las personas: \u00abcontextualizar los relatos de las v\u00edctimas en la difusi\u00f3n de casos representativos con un criterio que priorice el trato respetuoso\u00bb, y \u00abdifundir las acciones positivas en t\u00e9rminos de prevenci\u00f3n\u00bb.<\/p>\n<p>5- Construir coberturas informativas que sean accesibles para todas las audiencias\u00bb, con el prop\u00f3sito que los medios \u00abinformen sobre la pandemia a partir de la incorporaci\u00f3n de herramientas audiovisuales de accesibilidad, tales como subtitulado oculto (closed caption), lengua de se\u00f1as y audio descripci\u00f3n\u00bb para procurar la eliminaci\u00f3n de barreras comunicacionales y as\u00ed garantizar el acceso a la informaci\u00f3n socialmente relevante a las personas con discapacidad, personas adultas mayores y a toda aquella audiencia que pueda tener dificultades para acceder a los contenidos (Ley 26.522, art.66).<\/p>\n<p>6- Priorizar el respeto de las personas: En la difusi\u00f3n de casos representativos priorizar el trato respetuoso. Evitar centrarse en las historias m\u00e1s dram\u00e1ticas. En todos los casos, respetar los derechos personal\u00edsimos. En particular, no afectar la dignidad, el derecho a la imagen, as\u00ed como la intimidad de las personas afectadas, o involucradas en las coberturas.<\/p>\n<p>7- Difundir las acciones positivas en t\u00e9rminos de prevenci\u00f3n:<\/p>\n<p>Es muy importante dar relevancia en la agenda informativa a las acciones sociales de prevenci\u00f3n, as\u00ed como las de solidaridad que realicen distintas personas y colectivos sociales. Es clave que la comunicaci\u00f3n medi\u00e1tica promueva el refuerzo de las tareas de prevenci\u00f3n y asistencia en curso y que posibilite a la poblaci\u00f3n convertirse en sujeto activo en la toma de decisiones y en la ejecuci\u00f3n de acciones responsables para mitigar los riesgos de la pandemia.<\/p>\n<p>8 -Comunicar para contribuir al sostenimiento de la confianza:<\/p>\n<p>Tener presente que una comunicaci\u00f3n de riesgo puede contribuir a mantener la confianza, realizando anuncios tempranos y precisos, con transparencia de las fuentes de informaci\u00f3n y su debido chequeo.<\/p>\n<p>9- Evitar incluir en la programaci\u00f3n de ficci\u00f3n series o pel\u00edculas sobre cat\u00e1strofes: En los canales abiertos se sugiere organizar la programaci\u00f3n de modo tal de no incluir series o pel\u00edculas sobre cat\u00e1strofes de cualquier tipo y favorecer programaci\u00f3n que colabore a transitar los d\u00edas de aislamiento y los que vendr\u00e1n sin potenciar el miedo, la ansiedad y la angustia.<\/p>\n<p>&nbsp;<\/p>\n","protected":false},"excerpt":{"rendered":"<p>&nbsp; El Ministerio de Salud y la Secretaria de Medios difundieron una serie de recomendaciones para el ejercicio de \u00abuna<\/p>\n","protected":false},"author":1,"featured_media":23973,"comment_status":"closed","ping_status":"closed","sticky":false,"template":"","format":"standard","meta":{"kia_subtitle":"","footnotes":"","jetpack_publicize_message":"","jetpack_publicize_feature_enabled":true,"jetpack_social_post_already_shared":true,"jetpack_social_options":{"image_generator_settings":{"template":"highway","default_image_id":0,"font":"","enabled":false},"version":2}},"categories":[3,41],"tags":[2254,2407,2456,2458],"class_list":["post-23972","post","type-post","status-publish","format-standard","has-post-thumbnail","hentry","category-actualidad","category-nacionales","tag-coronavirus","tag-covid-19","tag-cuarentena","tag-pandemia"],"jetpack_publicize_connections":[],"jetpack_featured_media_url":"https:\/\/laurbedigital.com.ar\/noticias\/wp-content\/uploads\/2020\/03\/20200321-MINSALUD-2-00004.jpg","_links":{"self":[{"href":"https:\/\/laurbedigital.com.ar\/noticias\/wp-json\/wp\/v2\/posts\/23972","targetHints":{"allow":["GET"]}}],"collection":[{"href":"https:\/\/laurbedigital.com.ar\/noticias\/wp-json\/wp\/v2\/posts"}],"about":[{"href":"https:\/\/laurbedigital.com.ar\/noticias\/wp-json\/wp\/v2\/types\/post"}],"author":[{"embeddable":true,"href":"https:\/\/laurbedigital.com.ar\/noticias\/wp-json\/wp\/v2\/users\/1"}],"replies":[{"embeddable":true,"href":"https:\/\/laurbedigital.com.ar\/noticias\/wp-json\/wp\/v2\/comments?post=23972"}],"version-history":[{"count":1,"href":"https:\/\/laurbedigital.com.ar\/noticias\/wp-json\/wp\/v2\/posts\/23972\/revisions"}],"predecessor-version":[{"id":23974,"href":"https:\/\/laurbedigital.com.ar\/noticias\/wp-json\/wp\/v2\/posts\/23972\/revisions\/23974"}],"wp:featuredmedia":[{"embeddable":true,"href":"https:\/\/laurbedigital.com.ar\/noticias\/wp-json\/wp\/v2\/media\/23973"}],"wp:attachment":[{"href":"https:\/\/laurbedigital.com.ar\/noticias\/wp-json\/wp\/v2\/media?parent=23972"}],"wp:term":[{"taxonomy":"category","embeddable":true,"href":"https:\/\/laurbedigital.com.ar\/noticias\/wp-json\/wp\/v2\/categories?post=23972"},{"taxonomy":"post_tag","embeddable":true,"href":"https:\/\/laurbedigital.com.ar\/noticias\/wp-json\/wp\/v2\/tags?post=23972"}],"curies":[{"name":"wp","href":"https:\/\/api.w.org\/{rel}","templated":true}]}}