{"id":23969,"date":"2020-03-21T17:55:09","date_gmt":"2020-03-21T20:55:09","guid":{"rendered":"https:\/\/laurbedigital.com.ar\/noticias\/?p=23969"},"modified":"2020-03-21T17:55:09","modified_gmt":"2020-03-21T20:55:09","slug":"ezeiza-municipio-restringe-accesos-prevenir-covid-19","status":"publish","type":"post","link":"https:\/\/laurbedigital.com.ar\/noticias\/2020\/03\/21\/ezeiza-municipio-restringe-accesos-prevenir-covid-19\/","title":{"rendered":"Ezeiza: El Municipio restringe accesos para prevenir el Covid-19"},"content":{"rendered":"<p>&nbsp;<\/p>\n<h5>Las autoridades del Municipio de Ezeiza emprendieron el operativo de cierre con vallado e incluso mont\u00edculos de tierra.<\/h5>\n<p>Hoy se cumple el segundo d\u00eda de la cuarentena obligatoria y, ante la negligencia de algunos ciudadanos, Ezeiza decidi\u00f3 cerrar los accesos al municipio.<\/p>\n<p>En el material audiovisual se ve como un cami\u00f3n de carga bloquea los accesos con mont\u00edculos de tierra. Cabe destacar que este no es el \u00fanico municipio que decidi\u00f3 tomar una medida particular de esta envergadura.<\/p>\n<p>&nbsp;<\/p>\n<p><strong>Accesos habilitados<\/strong><br \/>\n&#8211; Desde Ca\u00f1uelas, Ruta 205;<br \/>\n&#8211; Desde Autopista, ingreso por Blas Parera ( Trist\u00e1n Su\u00e1rez ) y por Jujuy (Carlos Spegazzini)<br \/>\n&#8211; Autopista rotonda de Coto hacia Ezeiza y hacia Canning.<\/p>\n<p>Todos estos accesos permitidos, CONTAR\u00c1N CON CONTROL POLICIAL Y DE SALUD<\/p>\n<p>**Quienes quieran ingresar por alguno de estos puntos, deber\u00e1n acreditar su domicilio en Ezeiza, o bien justificar que ingresan a trabajar en alguna de las actividades \u201cpermitidas\u201d por el Decreto Presidencial.<\/p>\n<p>&nbsp;<\/p>\n<blockquote class=\"twitter-tweet\">\n<p dir=\"ltr\" lang=\"es\">Se cierran los accesos en el municipio de Ezeiza, calles Chile y Belgrano<br \/>\nVia <a href=\"https:\/\/twitter.com\/moralesmario2?ref_src=twsrc%5Etfw\" target=\"_blank\" rel=\"noopener\">@moralesmario2<\/a><br \/>\nRT <a href=\"https:\/\/twitter.com\/ernestoarriaga?ref_src=twsrc%5Etfw\" target=\"_blank\" rel=\"noopener\">@ernestoarriaga<\/a> <a href=\"https:\/\/twitter.com\/VTVinfo?ref_src=twsrc%5Etfw\" target=\"_blank\" rel=\"noopener\">@VTVinfo<\/a> <a href=\"https:\/\/t.co\/yfngLulo8T\">pic.twitter.com\/yfngLulo8T<\/a><\/p>\n<p>\u2014 Cronista de Tr\u00e1nsito (@aleginart) <a href=\"https:\/\/twitter.com\/aleginart\/status\/1241432917320097792?ref_src=twsrc%5Etfw\" target=\"_blank\" rel=\"noopener\">March 21, 2020<\/a><\/p><\/blockquote>\n<p><script async src=\"https:\/\/platform.twitter.com\/widgets.js\" charset=\"utf-8\"><\/script><\/p>\n<p>&nbsp;<\/p>\n","protected":false},"excerpt":{"rendered":"<p>&nbsp; Las autoridades del Municipio de Ezeiza emprendieron el operativo de cierre con vallado e incluso mont\u00edculos de tierra. Hoy<\/p>\n","protected":false},"author":1,"featured_media":23970,"comment_status":"closed","ping_status":"closed","sticky":false,"template":"","format":"standard","meta":{"kia_subtitle":"","footnotes":"","jetpack_publicize_message":"","jetpack_publicize_feature_enabled":true,"jetpack_social_post_already_shared":true,"jetpack_social_options":{"image_generator_settings":{"template":"highway","default_image_id":0,"font":"","enabled":false},"version":2}},"categories":[13,38],"tags":[2254,2407,2164,2458],"class_list":["post-23969","post","type-post","status-publish","format-standard","has-post-thumbnail","hentry","category-region","category-ezeiza","tag-coronavirus","tag-covid-19","tag-ezeiza","tag-pandemia"],"jetpack_publicize_connections":[],"jetpack_featured_media_url":"https:\/\/laurbedigital.com.ar\/noticias\/wp-content\/uploads\/2020\/03\/20200321-ezeiza-2-00004.jpg","_links":{"self":[{"href":"https:\/\/laurbedigital.com.ar\/noticias\/wp-json\/wp\/v2\/posts\/23969","targetHints":{"allow":["GET"]}}],"collection":[{"href":"https:\/\/laurbedigital.com.ar\/noticias\/wp-json\/wp\/v2\/posts"}],"about":[{"href":"https:\/\/laurbedigital.com.ar\/noticias\/wp-json\/wp\/v2\/types\/post"}],"author":[{"embeddable":true,"href":"https:\/\/laurbedigital.com.ar\/noticias\/wp-json\/wp\/v2\/users\/1"}],"replies":[{"embeddable":true,"href":"https:\/\/laurbedigital.com.ar\/noticias\/wp-json\/wp\/v2\/comments?post=23969"}],"version-history":[{"count":1,"href":"https:\/\/laurbedigital.com.ar\/noticias\/wp-json\/wp\/v2\/posts\/23969\/revisions"}],"predecessor-version":[{"id":23971,"href":"https:\/\/laurbedigital.com.ar\/noticias\/wp-json\/wp\/v2\/posts\/23969\/revisions\/23971"}],"wp:featuredmedia":[{"embeddable":true,"href":"https:\/\/laurbedigital.com.ar\/noticias\/wp-json\/wp\/v2\/media\/23970"}],"wp:attachment":[{"href":"https:\/\/laurbedigital.com.ar\/noticias\/wp-json\/wp\/v2\/media?parent=23969"}],"wp:term":[{"taxonomy":"category","embeddable":true,"href":"https:\/\/laurbedigital.com.ar\/noticias\/wp-json\/wp\/v2\/categories?post=23969"},{"taxonomy":"post_tag","embeddable":true,"href":"https:\/\/laurbedigital.com.ar\/noticias\/wp-json\/wp\/v2\/tags?post=23969"}],"curies":[{"name":"wp","href":"https:\/\/api.w.org\/{rel}","templated":true}]}}