{"id":23821,"date":"2020-03-19T00:35:21","date_gmt":"2020-03-19T03:35:21","guid":{"rendered":"https:\/\/laurbedigital.com.ar\/noticias\/?p=23821"},"modified":"2020-03-19T00:35:21","modified_gmt":"2020-03-19T03:35:21","slug":"energumenos-argentinos-repatriados-maltratan-al-personal-aerolineas-se-niegan-al-chequeo-anticoronavirus-2","status":"publish","type":"post","link":"https:\/\/laurbedigital.com.ar\/noticias\/2020\/03\/19\/energumenos-argentinos-repatriados-maltratan-al-personal-aerolineas-se-niegan-al-chequeo-anticoronavirus-2\/","title":{"rendered":"Energ\u00famenos: argentinos repatriados maltratan al personal de Aerol\u00edneas y se niegan al chequeo anticoronavirus"},"content":{"rendered":"<p>&nbsp;<\/p>\n<h5>Reportan maltratos al personal de Aerol\u00edneas Argentinas por parte de pasajeros argentinos que est\u00e1n siendo repatriados desde destinos tur\u00edsticos.<\/h5>\n<p>Las im\u00e1genes se viralizaron r\u00e1pidamente: los pasajeros a bordo de un avi\u00f3n de Aerol\u00edneas que llegaban al pa\u00eds, repatriados por el Estado frente a la pandemia, se pusieron de los pelos cuando las azafatas les informaron que deb\u00edan permanecer arriba de la nave hasta que llegara el personal de Sanidad para realizarle los controles correspondientes para chequear que no tengan coronavirus. Enojados, comenzaron a maltratar e insultar al personal que les informa que, entre ellos, hay pasajeros con s\u00edntomas de tener la enfermedad.<\/p>\n<p>La escena gener\u00f3 indignaci\u00f3n. Uno de los que manifest\u00f3 su repudio fue el conductor de Intrusos, Jorge Rial, quien en su cuenta de Twitter expres\u00f3: \u201cDe verdad agradecen de esa manera? Cuanto canalla suelto\u201d.<\/p>\n<blockquote class=\"twitter-tweet\">\n<p dir=\"ltr\" lang=\"es\">Reportan maltratos al personal de Aerol\u00edneas Argentinas por parte de pasajeros argentinos que est\u00e1n siendo repatriados desde destinos tur\u00edsticos. <a href=\"https:\/\/t.co\/rryjHZex7n\">pic.twitter.com\/rryjHZex7n<\/a><\/p>\n<p>\u2014 Kontra Info (@KontraInfo) <a href=\"https:\/\/twitter.com\/KontraInfo\/status\/1240395809969053697?ref_src=twsrc%5Etfw\" target=\"_blank\" rel=\"noopener\">March 18, 2020<\/a><\/p><\/blockquote>\n<p><script async src=\"https:\/\/platform.twitter.com\/widgets.js\" charset=\"utf-8\"><\/script><\/p>\n","protected":false},"excerpt":{"rendered":"<p>&nbsp; Reportan maltratos al personal de Aerol\u00edneas Argentinas por parte de pasajeros argentinos que est\u00e1n siendo repatriados desde destinos tur\u00edsticos.<\/p>\n","protected":false},"author":1,"featured_media":23818,"comment_status":"closed","ping_status":"closed","sticky":false,"template":"","format":"standard","meta":{"kia_subtitle":"","footnotes":"","jetpack_publicize_message":"","jetpack_publicize_feature_enabled":true,"jetpack_social_post_already_shared":true,"jetpack_social_options":{"image_generator_settings":{"template":"highway","default_image_id":0,"font":"","enabled":false},"version":2}},"categories":[3],"tags":[1207,2254,2407,2164],"class_list":["post-23821","post","type-post","status-publish","format-standard","has-post-thumbnail","hentry","category-actualidad","tag-aerolineas-argentinas","tag-coronavirus","tag-covid-19","tag-ezeiza"],"jetpack_publicize_connections":[],"jetpack_featured_media_url":"https:\/\/laurbedigital.com.ar\/noticias\/wp-content\/uploads\/2020\/03\/aeropuerto-00001.jpg","_links":{"self":[{"href":"https:\/\/laurbedigital.com.ar\/noticias\/wp-json\/wp\/v2\/posts\/23821","targetHints":{"allow":["GET"]}}],"collection":[{"href":"https:\/\/laurbedigital.com.ar\/noticias\/wp-json\/wp\/v2\/posts"}],"about":[{"href":"https:\/\/laurbedigital.com.ar\/noticias\/wp-json\/wp\/v2\/types\/post"}],"author":[{"embeddable":true,"href":"https:\/\/laurbedigital.com.ar\/noticias\/wp-json\/wp\/v2\/users\/1"}],"replies":[{"embeddable":true,"href":"https:\/\/laurbedigital.com.ar\/noticias\/wp-json\/wp\/v2\/comments?post=23821"}],"version-history":[{"count":1,"href":"https:\/\/laurbedigital.com.ar\/noticias\/wp-json\/wp\/v2\/posts\/23821\/revisions"}],"predecessor-version":[{"id":23822,"href":"https:\/\/laurbedigital.com.ar\/noticias\/wp-json\/wp\/v2\/posts\/23821\/revisions\/23822"}],"wp:featuredmedia":[{"embeddable":true,"href":"https:\/\/laurbedigital.com.ar\/noticias\/wp-json\/wp\/v2\/media\/23818"}],"wp:attachment":[{"href":"https:\/\/laurbedigital.com.ar\/noticias\/wp-json\/wp\/v2\/media?parent=23821"}],"wp:term":[{"taxonomy":"category","embeddable":true,"href":"https:\/\/laurbedigital.com.ar\/noticias\/wp-json\/wp\/v2\/categories?post=23821"},{"taxonomy":"post_tag","embeddable":true,"href":"https:\/\/laurbedigital.com.ar\/noticias\/wp-json\/wp\/v2\/tags?post=23821"}],"curies":[{"name":"wp","href":"https:\/\/api.w.org\/{rel}","templated":true}]}}