{"id":23765,"date":"2020-03-18T11:37:06","date_gmt":"2020-03-18T14:37:06","guid":{"rendered":"https:\/\/laurbedigital.com.ar\/noticias\/?p=23765"},"modified":"2020-03-18T11:37:06","modified_gmt":"2020-03-18T14:37:06","slug":"continuemos-estudiando-plan-la-provincia-asegurar-la-educacion-distancia","status":"publish","type":"post","link":"https:\/\/laurbedigital.com.ar\/noticias\/2020\/03\/18\/continuemos-estudiando-plan-la-provincia-asegurar-la-educacion-distancia\/","title":{"rendered":"\u201cContinuemos estudiando\u201d: el plan de la Provincia para asegurar la educaci\u00f3n a distancia"},"content":{"rendered":"<p>&nbsp;<\/p>\n<h5>Se trata del programa \u201cContinuemos estudiando\u201d dentro del portal ABC de la Direcci\u00f3n de Educaci\u00f3n.<\/h5>\n<p><strong>El gobierno bonaerense pone en marcha la plataforma web educativa \u201cContinuemos estudiando\u201d que contendr\u00e1 una serie de cuadernillos con actividades para diferentes a\u00f1os y niveles del sistema educativo provincial, a fin de que los ni\u00f1os, ni\u00f1as y adolescentes los lean y completen durante esta cuarentena dispuesta ante la pandemia por el coronavirus, se inform\u00f3 oficialmente.<\/strong><\/p>\n<p>La plataforma, que se habilitar\u00e1 como parte del portal ABC con que cuenta la Direcci\u00f3n General de Educaci\u00f3n y Cultura bonaerense, ser\u00e1 de acceso gratuito y podr\u00e1 navegarse desde celulares y cualquier otro dispositivo, sin consumo de datos m\u00f3viles.<\/p>\n<p>Un comunicado de la cartera educativa provincial, a cargo de Agustina Vila, precis\u00f3 que en la plataforma \u201cContinuemos Estudiando\u201d, habr\u00e1 actividades para los diferentes a\u00f1os, niveles y modalidades producidas especialmente para este contexto de emergencia sanitaria; e incluye tambi\u00e9n recursos audiovisuales y otras herramientas para complementar el trabajo docente.<\/p>\n<p>\u201cPara quienes no posean conectividad, la cartera educativa ha dispuesto la impresi\u00f3n de cuadernillos que ser\u00e1n distribuidos a las escuelas seg\u00fan el relevamiento hecho por cada instituci\u00f3n sobre la falta de conectividad de los y las estudiantes. Las familias podr\u00e1n pasar a retirarlos por la instituci\u00f3n y tambi\u00e9n se contempla la distribuci\u00f3n a los hogares en caso de necesidad\u201d, se inform\u00f3 en el comunicado.<\/p>\n<p>Estos recursos se pondr\u00e1n en marcha para garantizar la continuidad educativa y que los ni\u00f1os, ni\u00f1as y adolescentes no pierdan contenidos al regreso a clases tras esta cuarentena.<\/p>\n<p>En el caso del Nivel Inicial, el material consiste en acercar las actividades del jard\u00edn al hogar; habr\u00e1 seis cuadernillos de actividades para abordar los aprendizajes del Nivel Primario, mientras que cuatro cuadernillos estar\u00e1n dirigidos a la continuidad pedag\u00f3gica de los y las estudiantes de Nivel Secundario: Pr\u00e1cticas del Lenguaje y Matem\u00e1tica de ciclo b\u00e1sico, y Literatura y Matem\u00e1tica para el ciclo superior.<\/p>\n<p>Adem\u00e1s, la direcci\u00f3n provincial, precis\u00f3 que todos los establecimientos educativos \u201cse asegurar\u00e1 la continuidad de las acciones de limpieza profunda y desinfecci\u00f3n seg\u00fan el Protocolo de limpieza y desinfecci\u00f3n para establecimientos educativos, as\u00ed como los trabajos de mantenimiento y refacci\u00f3n edilicia que se encuentren en marcha en el marco del programa \u00b4Escuelas a la Obra\u201d.<\/p>\n<p>La normativa confirma la continuidad de las prestaciones alimentarias por medio de los comedores escolares y la entrega de viandas hasta que se implemente plenamente la provisi\u00f3n de bolsones de emergencia alimentaria prevista por el Ministerio de Desarrollo de la Comunidad.\u00b4<\/p>\n<p>La cartera educativa provincial remarc\u00f3 que \u201clos comedores escolares permanecer\u00e1n abiertos, con todos los recaudos de higiene y salubridad dispuestos por la autoridad sanitaria\u201d.<\/p>\n<p>&nbsp;<\/p>\n","protected":false},"excerpt":{"rendered":"<p>&nbsp; Se trata del programa \u201cContinuemos estudiando\u201d dentro del portal ABC de la Direcci\u00f3n de Educaci\u00f3n. El gobierno bonaerense pone<\/p>\n","protected":false},"author":1,"featured_media":23766,"comment_status":"closed","ping_status":"closed","sticky":false,"template":"","format":"standard","meta":{"kia_subtitle":"","footnotes":"","jetpack_publicize_message":"","jetpack_publicize_feature_enabled":true,"jetpack_social_post_already_shared":true,"jetpack_social_options":{"image_generator_settings":{"template":"highway","default_image_id":0,"font":"","enabled":false},"version":2}},"categories":[3,56],"tags":[2254,2407,2456,152],"class_list":["post-23765","post","type-post","status-publish","format-standard","has-post-thumbnail","hentry","category-actualidad","category-buenos-aires","tag-coronavirus","tag-covid-19","tag-cuarentena","tag-educacion"],"jetpack_publicize_connections":[],"jetpack_featured_media_url":"https:\/\/laurbedigital.com.ar\/noticias\/wp-content\/uploads\/2020\/03\/20200318-actualidad-provincia-de-buenos-aires-potal-abc-00006.jpg","_links":{"self":[{"href":"https:\/\/laurbedigital.com.ar\/noticias\/wp-json\/wp\/v2\/posts\/23765","targetHints":{"allow":["GET"]}}],"collection":[{"href":"https:\/\/laurbedigital.com.ar\/noticias\/wp-json\/wp\/v2\/posts"}],"about":[{"href":"https:\/\/laurbedigital.com.ar\/noticias\/wp-json\/wp\/v2\/types\/post"}],"author":[{"embeddable":true,"href":"https:\/\/laurbedigital.com.ar\/noticias\/wp-json\/wp\/v2\/users\/1"}],"replies":[{"embeddable":true,"href":"https:\/\/laurbedigital.com.ar\/noticias\/wp-json\/wp\/v2\/comments?post=23765"}],"version-history":[{"count":1,"href":"https:\/\/laurbedigital.com.ar\/noticias\/wp-json\/wp\/v2\/posts\/23765\/revisions"}],"predecessor-version":[{"id":23767,"href":"https:\/\/laurbedigital.com.ar\/noticias\/wp-json\/wp\/v2\/posts\/23765\/revisions\/23767"}],"wp:featuredmedia":[{"embeddable":true,"href":"https:\/\/laurbedigital.com.ar\/noticias\/wp-json\/wp\/v2\/media\/23766"}],"wp:attachment":[{"href":"https:\/\/laurbedigital.com.ar\/noticias\/wp-json\/wp\/v2\/media?parent=23765"}],"wp:term":[{"taxonomy":"category","embeddable":true,"href":"https:\/\/laurbedigital.com.ar\/noticias\/wp-json\/wp\/v2\/categories?post=23765"},{"taxonomy":"post_tag","embeddable":true,"href":"https:\/\/laurbedigital.com.ar\/noticias\/wp-json\/wp\/v2\/tags?post=23765"}],"curies":[{"name":"wp","href":"https:\/\/api.w.org\/{rel}","templated":true}]}}