{"id":2360,"date":"2016-03-31T21:32:58","date_gmt":"2016-04-01T00:32:58","guid":{"rendered":"http:\/\/laurbedigital.com.ar\/noticias\/?p=2360"},"modified":"2016-03-31T21:32:58","modified_gmt":"2016-04-01T00:32:58","slug":"temperley-se-prepara-para-recibir-a-estudiantes","status":"publish","type":"post","link":"https:\/\/laurbedigital.com.ar\/noticias\/2016\/03\/31\/temperley-se-prepara-para-recibir-a-estudiantes\/","title":{"rendered":"Temperley se prepara para recibir a Estudiantes"},"content":{"rendered":"<p>El plantel profesional de f\u00fatbol del Club Atl\u00e9tico Temperley entren\u00f3 esta ma\u00f1ana en la cancha auxiliar de la instituci\u00f3n de cara al cruce de este viernes por la noche ante el Club Atl\u00e9tico Estudiantes. El encuentro se jugar\u00e1 a las 21:15 en el Estadio Alfredo Beranger y contar\u00e1 con el arbitraje de Sa\u00fal Laverni.<\/p>\n<p>Los dirigidos por Iv\u00e1n Delfino comenzaron la pr\u00e1ctica con una entrada en calor con pelota, siguieron con ejercicios t\u00e1cticos y finalizaron con f\u00fatbol en espacio reducido.El t\u00e9cnico prob\u00f3 variantes, pensando en la recuperaci\u00f3n del Celeste ante el \u201cPincha\u201d por la fecha 9.<\/p>\n<p>Luego de la pr\u00e1ctica, el plantel \u201cGasolero\u201d qued\u00f3 licenciado hasta la noche, momento en que regresar\u00e1 a la instituci\u00f3n para cenar y quedar concentrado. Delfino no contar\u00e1 con Gonzalo R\u00edos (lesionado) ni con Ariel C\u00f3lzera que recibi\u00f3 dos fechas de suspensi\u00f3n tras la expulsi\u00f3n ante Hurac\u00e1n.<\/p>\n","protected":false},"excerpt":{"rendered":"<p>El plantel profesional de f\u00fatbol del Club Atl\u00e9tico Temperley entren\u00f3 esta ma\u00f1ana en la cancha auxiliar de la instituci\u00f3n de<\/p>\n","protected":false},"author":1,"featured_media":2361,"comment_status":"closed","ping_status":"closed","sticky":false,"template":"","format":"standard","meta":{"kia_subtitle":"","footnotes":"","jetpack_publicize_message":"","jetpack_publicize_feature_enabled":true,"jetpack_social_post_already_shared":true,"jetpack_social_options":{"image_generator_settings":{"template":"highway","default_image_id":0,"font":"","enabled":false},"version":2}},"categories":[4,28],"tags":[],"class_list":["post-2360","post","type-post","status-publish","format-standard","has-post-thumbnail","hentry","category-deporte","category-futbol"],"jetpack_publicize_connections":[],"jetpack_featured_media_url":"https:\/\/laurbedigital.com.ar\/noticias\/wp-content\/uploads\/2016\/03\/20160331-deporte.jpg","_links":{"self":[{"href":"https:\/\/laurbedigital.com.ar\/noticias\/wp-json\/wp\/v2\/posts\/2360","targetHints":{"allow":["GET"]}}],"collection":[{"href":"https:\/\/laurbedigital.com.ar\/noticias\/wp-json\/wp\/v2\/posts"}],"about":[{"href":"https:\/\/laurbedigital.com.ar\/noticias\/wp-json\/wp\/v2\/types\/post"}],"author":[{"embeddable":true,"href":"https:\/\/laurbedigital.com.ar\/noticias\/wp-json\/wp\/v2\/users\/1"}],"replies":[{"embeddable":true,"href":"https:\/\/laurbedigital.com.ar\/noticias\/wp-json\/wp\/v2\/comments?post=2360"}],"version-history":[{"count":1,"href":"https:\/\/laurbedigital.com.ar\/noticias\/wp-json\/wp\/v2\/posts\/2360\/revisions"}],"predecessor-version":[{"id":2362,"href":"https:\/\/laurbedigital.com.ar\/noticias\/wp-json\/wp\/v2\/posts\/2360\/revisions\/2362"}],"wp:featuredmedia":[{"embeddable":true,"href":"https:\/\/laurbedigital.com.ar\/noticias\/wp-json\/wp\/v2\/media\/2361"}],"wp:attachment":[{"href":"https:\/\/laurbedigital.com.ar\/noticias\/wp-json\/wp\/v2\/media?parent=2360"}],"wp:term":[{"taxonomy":"category","embeddable":true,"href":"https:\/\/laurbedigital.com.ar\/noticias\/wp-json\/wp\/v2\/categories?post=2360"},{"taxonomy":"post_tag","embeddable":true,"href":"https:\/\/laurbedigital.com.ar\/noticias\/wp-json\/wp\/v2\/tags?post=2360"}],"curies":[{"name":"wp","href":"https:\/\/api.w.org\/{rel}","templated":true}]}}