{"id":23597,"date":"2020-03-15T00:40:36","date_gmt":"2020-03-15T03:40:36","guid":{"rendered":"https:\/\/laurbedigital.com.ar\/noticias\/?p=23597"},"modified":"2020-03-15T00:41:59","modified_gmt":"2020-03-15T03:41:59","slug":"desmienten-informacion-falsa-licencias-sector-publico","status":"publish","type":"post","link":"https:\/\/laurbedigital.com.ar\/noticias\/2020\/03\/15\/desmienten-informacion-falsa-licencias-sector-publico\/","title":{"rendered":"Desmienten informaci\u00f3n falsa sobre licencias en el sector p\u00fablico"},"content":{"rendered":"<p>&nbsp;<\/p>\n<h5>La Secretaria de Gesti\u00f3n y Empleo P\u00fablico de la Naci\u00f3n de la Jefatura de Gabinete, Ana Castellani, desminti\u00f3 un falso decreto sobre la reglamentaci\u00f3n de las licencias en el sector p\u00fablico establecidas en el marco de la ampliaci\u00f3n de la emergencia sanitaria.<\/h5>\n<p>La Secretaria de Gesti\u00f3n y Empleo P\u00fablico de la Naci\u00f3n de la Jefatura de Gabinete, Ana Castellani, desminti\u00f3 esta noche una informaci\u00f3n que circula sobre la reglamentaci\u00f3n de las licencias en el sector p\u00fablico establecidas en el marco de la ampliaci\u00f3n de la emergencia sanitaria como consecuencia de la propagaci\u00f3n del coronavirus .<\/p>\n<p><strong>Se trata de un texto que circul\u00f3 por grupos de whatsapp y redes sociales y que se difund\u00eda como si se tratara de una informaci\u00f3n del bolet\u00edn oficial, pero cuyo contenido fue negado de forma enf\u00e1tica.<\/strong><\/p>\n<p>\u201cLa resoluci\u00f3n v\u00e1lida es la 3, que reglamenta las licencias en el marco de la ampliaci\u00f3n de la emergencia sanitaria que fue decretada esta semana por el presidente Alberto Fern\u00e1ndez ante la propagaci\u00f3n del coronavirus. Recomendamos recurrir a fuentes oficiales para ver los alcances de la medida\u201d, explic\u00f3 la funcionaria en di\u00e1logo con T\u00e9lam.<\/p>\n<p>En la falsa resoluci\u00f3n de la Jefatura de Gabinete que circul\u00f3 esta noche se informaba que quedaban liberadas de concurrir a sus lugares de trabajo las embarazadas, las personas inmunosuprimidas, quienes tuvieran antecedentes respiratorios, antecedentes cardiacos, mayores de 65 a\u00f1os, pacientes con diabetes tipo 1 y enfermos con insuficiencia renal.<\/p>\n<p><strong>La circulaci\u00f3n de esta informaci\u00f3n ap\u00f3crifa determin\u00f3 que esta noche se cayera la p\u00e1gina del Bolet\u00edn Oficial ante la gran cantidad de visitas que se produjeron.<\/strong><\/p>\n<p>&nbsp;<\/p>\n","protected":false},"excerpt":{"rendered":"<p>&nbsp; La Secretaria de Gesti\u00f3n y Empleo P\u00fablico de la Naci\u00f3n de la Jefatura de Gabinete, Ana Castellani, desminti\u00f3 un<\/p>\n","protected":false},"author":1,"featured_media":23598,"comment_status":"closed","ping_status":"closed","sticky":false,"template":"","format":"standard","meta":{"kia_subtitle":"","footnotes":"","jetpack_publicize_message":"","jetpack_publicize_feature_enabled":true,"jetpack_social_post_already_shared":true,"jetpack_social_options":{"image_generator_settings":{"template":"highway","default_image_id":0,"font":"","enabled":false},"version":2}},"categories":[3,41],"tags":[2474,2254,2407,2458],"class_list":["post-23597","post","type-post","status-publish","format-standard","has-post-thumbnail","hentry","category-actualidad","category-nacionales","tag-boletin-oficial","tag-coronavirus","tag-covid-19","tag-pandemia"],"jetpack_publicize_connections":[],"jetpack_featured_media_url":"https:\/\/laurbedigital.com.ar\/noticias\/wp-content\/uploads\/2020\/03\/20200314-actualidad-boletin-oficial-00004.jpg","_links":{"self":[{"href":"https:\/\/laurbedigital.com.ar\/noticias\/wp-json\/wp\/v2\/posts\/23597","targetHints":{"allow":["GET"]}}],"collection":[{"href":"https:\/\/laurbedigital.com.ar\/noticias\/wp-json\/wp\/v2\/posts"}],"about":[{"href":"https:\/\/laurbedigital.com.ar\/noticias\/wp-json\/wp\/v2\/types\/post"}],"author":[{"embeddable":true,"href":"https:\/\/laurbedigital.com.ar\/noticias\/wp-json\/wp\/v2\/users\/1"}],"replies":[{"embeddable":true,"href":"https:\/\/laurbedigital.com.ar\/noticias\/wp-json\/wp\/v2\/comments?post=23597"}],"version-history":[{"count":2,"href":"https:\/\/laurbedigital.com.ar\/noticias\/wp-json\/wp\/v2\/posts\/23597\/revisions"}],"predecessor-version":[{"id":23600,"href":"https:\/\/laurbedigital.com.ar\/noticias\/wp-json\/wp\/v2\/posts\/23597\/revisions\/23600"}],"wp:featuredmedia":[{"embeddable":true,"href":"https:\/\/laurbedigital.com.ar\/noticias\/wp-json\/wp\/v2\/media\/23598"}],"wp:attachment":[{"href":"https:\/\/laurbedigital.com.ar\/noticias\/wp-json\/wp\/v2\/media?parent=23597"}],"wp:term":[{"taxonomy":"category","embeddable":true,"href":"https:\/\/laurbedigital.com.ar\/noticias\/wp-json\/wp\/v2\/categories?post=23597"},{"taxonomy":"post_tag","embeddable":true,"href":"https:\/\/laurbedigital.com.ar\/noticias\/wp-json\/wp\/v2\/tags?post=23597"}],"curies":[{"name":"wp","href":"https:\/\/api.w.org\/{rel}","templated":true}]}}