{"id":23527,"date":"2020-03-13T14:59:47","date_gmt":"2020-03-13T17:59:47","guid":{"rendered":"https:\/\/laurbedigital.com.ar\/noticias\/?p=23527"},"modified":"2020-03-13T14:59:47","modified_gmt":"2020-03-13T17:59:47","slug":"los-rugbiers-detenidos-crimen-baez-sosa-fueron-trasladados-una-alcaldia-la-plata","status":"publish","type":"post","link":"https:\/\/laurbedigital.com.ar\/noticias\/2020\/03\/13\/los-rugbiers-detenidos-crimen-baez-sosa-fueron-trasladados-una-alcaldia-la-plata\/","title":{"rendered":"Los rugbiers detenidos por el crimen de B\u00e1ez Sosa fueron trasladados a una Alcald\u00eda de La Plata"},"content":{"rendered":"<p>&nbsp;<\/p>\n<h5>Ser\u00e1 la tercera vez que los acusados tendr\u00e1n oportunidad de explayarse en la causa y las cuestiones en torno a las misma ser\u00e1n definidas por los jueces Susana Darling Yaltone, Felipe Defelitto y Fernando Sotelo.<\/h5>\n<article class=\"article-body first\">\n<div class=\"article-content selectionShareable\">\n<div class=\"cuerpo\" data-twitter-link=\"\">\n<p>Los ocho\u00a0<strong>rugbiers<\/strong>\u00a0que permanecen detenidos por el asesinato de\u00a0<strong>Fernando B\u00e1ez Sosa<\/strong>\u00a0el pasado\u00a0<strong>18 de enero<\/strong>\u00a0en la ciudad balnearia de\u00a0<strong>Villa Gesell<\/strong>\u00a0fueron trasladados a la alcaid\u00eda de\u00a0<strong>Melchor Romero,<\/strong>\u00a0a\u00a0<strong>20 kil\u00f3metros<\/strong>\u00a0del centro de\u00a0<strong>La Plata,<\/strong>\u00a0donde ser\u00e1n sometidos a pericias psicol\u00f3gicas y psiqui\u00e1tricas.<\/p>\n<\/div>\n<\/div>\n<\/article>\n<article class=\"article-body\">\n<div class=\"article-content selectionShareable\">\n<div class=\"cuerpo\" data-twitter-link=\"\">\n<p>Los acusados llegaron desde la\u00a0<strong>Unidad carcelaria de Dolores<\/strong>\u00a0en horas de la noche del jueves y se alojar\u00e1n en este nuevo lugar mientras se les realizan pruebas que llevar\u00e1n a cabo especialistas de la\u00a0<strong>Asesor\u00eda Pericial de la Suprema Corte bonaerense<\/strong>.<\/p>\n<p>Por otra parte, la\u00a0<strong>C\u00e1mara de Apelaciones y Garant\u00edas de Dolores<\/strong>\u00a0fij\u00f3 para el pr\u00f3ximo\u00a0<strong>19 de marzo<\/strong>\u00a0una audiencia oral para determinar si se confirman o modifican las prisiones preventivas de los ocho j\u00f3venes.<\/p>\n<p>&nbsp;<\/p>\n<\/div>\n<\/div>\n<\/article>\n","protected":false},"excerpt":{"rendered":"<p>&nbsp; Ser\u00e1 la tercera vez que los acusados tendr\u00e1n oportunidad de explayarse en la causa y las cuestiones en torno<\/p>\n","protected":false},"author":1,"featured_media":23528,"comment_status":"closed","ping_status":"closed","sticky":false,"template":"","format":"standard","meta":{"kia_subtitle":"","footnotes":"","jetpack_publicize_message":"","jetpack_publicize_feature_enabled":true,"jetpack_social_post_already_shared":true,"jetpack_social_options":{"image_generator_settings":{"template":"highway","default_image_id":0,"font":"","enabled":false},"version":2}},"categories":[8],"tags":[2468,2234,2255],"class_list":["post-23527","post","type-post","status-publish","format-standard","has-post-thumbnail","hentry","category-policiales","tag-crimen-de-fernado","tag-crimen-de-villa-gesell","tag-fernando-baez-sosa"],"jetpack_publicize_connections":[],"jetpack_featured_media_url":"https:\/\/laurbedigital.com.ar\/noticias\/wp-content\/uploads\/2020\/03\/20200313-policiales-rugbiers2-00004.jpg","_links":{"self":[{"href":"https:\/\/laurbedigital.com.ar\/noticias\/wp-json\/wp\/v2\/posts\/23527","targetHints":{"allow":["GET"]}}],"collection":[{"href":"https:\/\/laurbedigital.com.ar\/noticias\/wp-json\/wp\/v2\/posts"}],"about":[{"href":"https:\/\/laurbedigital.com.ar\/noticias\/wp-json\/wp\/v2\/types\/post"}],"author":[{"embeddable":true,"href":"https:\/\/laurbedigital.com.ar\/noticias\/wp-json\/wp\/v2\/users\/1"}],"replies":[{"embeddable":true,"href":"https:\/\/laurbedigital.com.ar\/noticias\/wp-json\/wp\/v2\/comments?post=23527"}],"version-history":[{"count":1,"href":"https:\/\/laurbedigital.com.ar\/noticias\/wp-json\/wp\/v2\/posts\/23527\/revisions"}],"predecessor-version":[{"id":23529,"href":"https:\/\/laurbedigital.com.ar\/noticias\/wp-json\/wp\/v2\/posts\/23527\/revisions\/23529"}],"wp:featuredmedia":[{"embeddable":true,"href":"https:\/\/laurbedigital.com.ar\/noticias\/wp-json\/wp\/v2\/media\/23528"}],"wp:attachment":[{"href":"https:\/\/laurbedigital.com.ar\/noticias\/wp-json\/wp\/v2\/media?parent=23527"}],"wp:term":[{"taxonomy":"category","embeddable":true,"href":"https:\/\/laurbedigital.com.ar\/noticias\/wp-json\/wp\/v2\/categories?post=23527"},{"taxonomy":"post_tag","embeddable":true,"href":"https:\/\/laurbedigital.com.ar\/noticias\/wp-json\/wp\/v2\/tags?post=23527"}],"curies":[{"name":"wp","href":"https:\/\/api.w.org\/{rel}","templated":true}]}}