{"id":23413,"date":"2020-03-09T15:31:23","date_gmt":"2020-03-09T18:31:23","guid":{"rendered":"https:\/\/laurbedigital.com.ar\/noticias\/?p=23413"},"modified":"2020-03-09T15:31:23","modified_gmt":"2020-03-09T18:31:23","slug":"activan-protocolo-coronavirus-ezeiza-posible-caso","status":"publish","type":"post","link":"https:\/\/laurbedigital.com.ar\/noticias\/2020\/03\/09\/activan-protocolo-coronavirus-ezeiza-posible-caso\/","title":{"rendered":"Activan el protocolo por coronavirus en Ezeiza por posible caso"},"content":{"rendered":"<p>&nbsp;<\/p>\n<h5>Un vuelo de la aerol\u00ednea Alitalia, proveniente de Roma, aterriz\u00f3 en el aeropuerto de Ezeiza.<\/h5>\n<p>El protocolo para casos sospechosos de coronavirus\u00a0en el\u00a0aeropuerto de Ezeiza se activ\u00f3 con\u00a0<strong>un vuelo de Alitalia que arrib\u00f3 procedente de Roma<\/strong>, seg\u00fan informaron fuentes aeroportuarias.<\/p>\n<p>Como indican los procedimientos en estos casos,<strong> ni bien el comandante dio aviso a la Torre de Control sobre la presencia entre el pasaje de dos persona con s\u00edntomas compatibles con la infecci\u00f3n, se deriv\u00f3 la aeronave a una posici\u00f3n remota, donde intervino personal de la Administraci\u00f3n Nacional de Aviaci\u00f3n Civil (ANAC).<\/strong><\/p>\n<p>Los especialistas abordaron el avi\u00f3n e<strong>\u00a0iniciaron un control, tanto del pasajero sospechado, como del resto del pasaje.<\/strong><\/p>\n<p>&nbsp;<\/p>\n","protected":false},"excerpt":{"rendered":"<p>&nbsp; Un vuelo de la aerol\u00ednea Alitalia, proveniente de Roma, aterriz\u00f3 en el aeropuerto de Ezeiza. El protocolo para casos<\/p>\n","protected":false},"author":1,"featured_media":23414,"comment_status":"closed","ping_status":"closed","sticky":false,"template":"","format":"standard","meta":{"kia_subtitle":"","footnotes":"","jetpack_publicize_message":"","jetpack_publicize_feature_enabled":true,"jetpack_social_post_already_shared":true,"jetpack_social_options":{"image_generator_settings":{"template":"highway","default_image_id":0,"font":"","enabled":false},"version":2}},"categories":[38,13],"tags":[2254],"class_list":["post-23413","post","type-post","status-publish","format-standard","has-post-thumbnail","hentry","category-ezeiza","category-region","tag-coronavirus"],"jetpack_publicize_connections":[],"jetpack_featured_media_url":"https:\/\/laurbedigital.com.ar\/noticias\/wp-content\/uploads\/2020\/03\/20200309-regione-ezeiza-00004.jpg","_links":{"self":[{"href":"https:\/\/laurbedigital.com.ar\/noticias\/wp-json\/wp\/v2\/posts\/23413","targetHints":{"allow":["GET"]}}],"collection":[{"href":"https:\/\/laurbedigital.com.ar\/noticias\/wp-json\/wp\/v2\/posts"}],"about":[{"href":"https:\/\/laurbedigital.com.ar\/noticias\/wp-json\/wp\/v2\/types\/post"}],"author":[{"embeddable":true,"href":"https:\/\/laurbedigital.com.ar\/noticias\/wp-json\/wp\/v2\/users\/1"}],"replies":[{"embeddable":true,"href":"https:\/\/laurbedigital.com.ar\/noticias\/wp-json\/wp\/v2\/comments?post=23413"}],"version-history":[{"count":1,"href":"https:\/\/laurbedigital.com.ar\/noticias\/wp-json\/wp\/v2\/posts\/23413\/revisions"}],"predecessor-version":[{"id":23415,"href":"https:\/\/laurbedigital.com.ar\/noticias\/wp-json\/wp\/v2\/posts\/23413\/revisions\/23415"}],"wp:featuredmedia":[{"embeddable":true,"href":"https:\/\/laurbedigital.com.ar\/noticias\/wp-json\/wp\/v2\/media\/23414"}],"wp:attachment":[{"href":"https:\/\/laurbedigital.com.ar\/noticias\/wp-json\/wp\/v2\/media?parent=23413"}],"wp:term":[{"taxonomy":"category","embeddable":true,"href":"https:\/\/laurbedigital.com.ar\/noticias\/wp-json\/wp\/v2\/categories?post=23413"},{"taxonomy":"post_tag","embeddable":true,"href":"https:\/\/laurbedigital.com.ar\/noticias\/wp-json\/wp\/v2\/tags?post=23413"}],"curies":[{"name":"wp","href":"https:\/\/api.w.org\/{rel}","templated":true}]}}