{"id":23332,"date":"2020-03-07T14:22:01","date_gmt":"2020-03-07T17:22:01","guid":{"rendered":"https:\/\/laurbedigital.com.ar\/noticias\/?p=23332"},"modified":"2020-03-07T14:22:01","modified_gmt":"2020-03-07T17:22:01","slug":"realizaran-ciclo-peliculas-dirigidas-mujeres","status":"publish","type":"post","link":"https:\/\/laurbedigital.com.ar\/noticias\/2020\/03\/07\/realizaran-ciclo-peliculas-dirigidas-mujeres\/","title":{"rendered":"Realizar\u00e1n un ciclo de pel\u00edculas dirigidas por mujeres"},"content":{"rendered":"<p>&nbsp;<\/p>\n<h5>Espacios Incaa de todo el pa\u00eds presentaron una programaci\u00f3n especial como parte de las actividades por el D\u00eda de la Mujer del 8 de marzo (8M). El ciclo comenz\u00f3 el jueves y se extiende al 11 de marzo.<\/h5>\n<p>Espacios Incaa de todo el pa\u00eds presentaron una programaci\u00f3n de filmes dirigidos por mujeres como parte de las actividades por el D\u00eda de la Mujer del 8 de marzo (8M).<\/p>\n<p>En el ciclo, que comenz\u00f3 el jueves y se extiende al 11 de marzo, se realizan la proyecciones de \u00abLas buenas intenciones\u00bb, de Ana Garc\u00eda Blaya; \u00abLos son\u00e1mbulos\u00bb, de Paula Hern\u00e1ndez; \u00abUna banda de chicas\u00bb, de Marilina Gim\u00e9nez; \u00abLa protagonista\u00bb, de Clara Picasso, y \u00abLos fuegos internos\u00bb, de Laura Lugano.<\/p>\n<p>Tambi\u00e9n se podr\u00e1n ver \u00abHogar\u00bb, de Maura Delpero; \u00abLa botera\u00bb, de Sabrina Blanco; \u00abPiedra, papel y tijera\u00bb, de Macarena Garc\u00eda Lenzi y Mart\u00edn Blousson; \u00abEl Patalarga\u00bb, de Mercedes Moreira.<\/p>\n<p>\u00abMalamadre\u00bb, de Amparo Aguilar; \u00abNi\u00f1a mam\u00e1\u00bb, de Andrea Testa, y \u00abRosita\u00bb, de Ver\u00f3nica Chen, tambi\u00e9n ser\u00e1n parte de la programaci\u00f3n.<\/p>\n<p>&nbsp;<\/p>\n","protected":false},"excerpt":{"rendered":"<p>&nbsp; Espacios Incaa de todo el pa\u00eds presentaron una programaci\u00f3n especial como parte de las actividades por el D\u00eda de<\/p>\n","protected":false},"author":1,"featured_media":23333,"comment_status":"closed","ping_status":"closed","sticky":false,"template":"","format":"standard","meta":{"kia_subtitle":"","footnotes":"","jetpack_publicize_message":"","jetpack_publicize_feature_enabled":true,"jetpack_social_post_already_shared":true,"jetpack_social_options":{"image_generator_settings":{"template":"highway","default_image_id":0,"font":"","enabled":false},"version":2}},"categories":[68],"tags":[12,2443],"class_list":["post-23332","post","type-post","status-publish","format-standard","has-post-thumbnail","hentry","category-cine-y-series","tag-cine","tag-incaa"],"jetpack_publicize_connections":[],"jetpack_featured_media_url":"https:\/\/laurbedigital.com.ar\/noticias\/wp-content\/uploads\/2020\/03\/20200307-cine-00002.jpg","_links":{"self":[{"href":"https:\/\/laurbedigital.com.ar\/noticias\/wp-json\/wp\/v2\/posts\/23332","targetHints":{"allow":["GET"]}}],"collection":[{"href":"https:\/\/laurbedigital.com.ar\/noticias\/wp-json\/wp\/v2\/posts"}],"about":[{"href":"https:\/\/laurbedigital.com.ar\/noticias\/wp-json\/wp\/v2\/types\/post"}],"author":[{"embeddable":true,"href":"https:\/\/laurbedigital.com.ar\/noticias\/wp-json\/wp\/v2\/users\/1"}],"replies":[{"embeddable":true,"href":"https:\/\/laurbedigital.com.ar\/noticias\/wp-json\/wp\/v2\/comments?post=23332"}],"version-history":[{"count":1,"href":"https:\/\/laurbedigital.com.ar\/noticias\/wp-json\/wp\/v2\/posts\/23332\/revisions"}],"predecessor-version":[{"id":23334,"href":"https:\/\/laurbedigital.com.ar\/noticias\/wp-json\/wp\/v2\/posts\/23332\/revisions\/23334"}],"wp:featuredmedia":[{"embeddable":true,"href":"https:\/\/laurbedigital.com.ar\/noticias\/wp-json\/wp\/v2\/media\/23333"}],"wp:attachment":[{"href":"https:\/\/laurbedigital.com.ar\/noticias\/wp-json\/wp\/v2\/media?parent=23332"}],"wp:term":[{"taxonomy":"category","embeddable":true,"href":"https:\/\/laurbedigital.com.ar\/noticias\/wp-json\/wp\/v2\/categories?post=23332"},{"taxonomy":"post_tag","embeddable":true,"href":"https:\/\/laurbedigital.com.ar\/noticias\/wp-json\/wp\/v2\/tags?post=23332"}],"curies":[{"name":"wp","href":"https:\/\/api.w.org\/{rel}","templated":true}]}}