{"id":23325,"date":"2020-03-07T14:15:21","date_gmt":"2020-03-07T17:15:21","guid":{"rendered":"https:\/\/laurbedigital.com.ar\/noticias\/?p=23325"},"modified":"2020-03-07T14:15:21","modified_gmt":"2020-03-07T17:15:21","slug":"la-apertura-sesiones-brown-mostro-la-proyeccion-del-equipo-municipal","status":"publish","type":"post","link":"https:\/\/laurbedigital.com.ar\/noticias\/2020\/03\/07\/la-apertura-sesiones-brown-mostro-la-proyeccion-del-equipo-municipal\/","title":{"rendered":"La apertura de sesiones en Brown mostr\u00f3 la proyecci\u00f3n del equipo municipal"},"content":{"rendered":"<p>&nbsp;<\/p>\n<h5>Hace apenas 48 horas, cuando el intendente Mariano Cascallares abri\u00f3 un nuevo per\u00edodo de sesiones ordinarias del Concejo deliberante, lo acompa\u00f1\u00f3 todo el equipo municipal. Una parte sigue gestionando en Brown pero muchos otros fueron \u00abexportados\u00bb a naci\u00f3\u00a0 y Provincia evidenciando su fortaleza.<\/h5>\n<p>En efecto, desde diciembre pasado, cuando arrancaron las gestiones de Alberto Fern\u00e1ndez en la Casa Rosada y Axel Kicillof en la Gobernaci\u00f3n,<strong> decenas de miembros del equipo del Municipio de Almirante Brown pasaron a ocupar lugares de relevancia en las estructuras de gesti\u00f3n de Naci\u00f3n y Provincia<\/strong>. Y el jueves se vio al equipo legislativo en el Concejo y al equipo Ejecutivo de Brown adem\u00e1s de los nuevos funcionarios provinciales y nacionales.<\/p>\n<p>Un estrecho colaborador en la Comunicaci\u00f3n del intendente Mariano Cascallares era<strong> Juan Pablo Biondi<\/strong> (ambos mantienen una relaci\u00f3n de m\u00e1s de 20 a\u00f1os juntos), quien desde el 10 de diciembre pasado se desempe\u00f1a en la <strong>Casa Rosada como Secretario de Comunicaci\u00f3n y Prensa de la Presidencia<\/strong> manteniendo un v\u00ednculo por dem\u00e1s estrecho con el Presidente Alberto Fern\u00e1ndez.<\/p>\n<p>Otro incondicional del jefe comunal es <strong>Andr\u00e9s Vivaldo<\/strong> que se transform\u00f3 en <strong>miembro del Directorio del Banco Provincia de Buenos Aires<\/strong>. Ambos dijeron\u00a0 presente el jueves en la Casa Municipal de la Cultura.<\/p>\n<p>En el \u00e1mbito legislativo Almirante Brown tambi\u00e9n pisa fuerte con la presencia de <strong>Mar\u00eda Rosa Mart\u00ednez<\/strong> ocupando una <strong>banca en la C\u00e1mara de Diputados de la Naci\u00f3n<\/strong> acompa\u00f1ada por <strong>Federico Fagioli<\/strong> (Movimiento Popular La Dignidad) y se complementan con la presencia de <strong>Cristina Vilotta en la Legislatura bonaerense<\/strong>, otra integrante del equipo municipal.<\/p>\n<p>Luego de conducir el bloque del FPV en el Concejo Deliberante browniano,<strong> Jos\u00e9 Lepere<\/strong>, se mud\u00f3 al<strong> frente de la Secretar\u00eda del Interior de la Naci\u00f3n<\/strong>. Y el jueves estuvo presente acompa\u00f1ando al discurso de Mariano Cascallares.<\/p>\n<p>En el \u00e1rea de Salud, el equipo municipal que encabeza Mariano Cascallares export\u00f3 nada menos que al actual Subsecretario de Salud, la cartera que conduce Gin\u00e9s Gonz\u00e1lez Garc\u00eda. De ese modo <strong>Alejandro Costa<\/strong> se mud\u00f3 de su despacho de secretario municipal de salud a ser<strong> el virtual viceministro de Salud de la Naci\u00f3n<\/strong>.<\/p>\n<p>El gabinete browniano tambi\u00e9n piso fuerte en otras carteras nacionales como el Ministerio de Desarrollo Social. Puntualmente el subsecretario<strong> Juan Manuel Granillo acompa\u00f1a a Victoria Tolosa Paz en el Consejo Nacional de Coordinaci\u00f3n de Pol\u00edticas Sociales<\/strong>. Justamente en la cartera nacional que conduce Daniel Arroyo tambi\u00e9n se desempe\u00f1a desde hace semanas<strong> Gonzalo Calvo como Secretario de Articulaci\u00f3n Pol\u00edtica Social del Ministerio de Desarrollo<\/strong>.<\/p>\n<p>Mientras tanto, el concejal oficialista <strong>Adrian L\u00f3pez<\/strong> (ex secretario de Producci\u00f3n y Empleo de Cascallares) est\u00e1 asumiendo como<strong> Director Nacional de Fronteras<\/strong>. Otro integrante del equipo de Cascallares que desembarc\u00f3 en el Ministerio del Interior es <strong>Pablo Fontdevila<\/strong>, m\u00e1s precisamente en la <strong>Subsecretar\u00eda del Interior<\/strong>.<\/p>\n<p>La <strong>doctora Andrea Gonz\u00e1lez<\/strong> como <strong>directora de Asuntos Jur\u00eddicos del Ministerio de Trabajo de la Naci\u00f3n<\/strong> es otra ex integrante del equipo municipal que peg\u00f3 el salto. Mientras tanto <strong>Juan Pablo Yovovich<\/strong> pas\u00f3 de desempe\u00f1arse en la Secretar\u00eda de Producci\u00f3n a<strong> ocupar el cargo de jefe de Gabinete de la ministra Fernanda Raverta en la Provincia<\/strong>. Y<strong> Natalia Barreiro<\/strong> asumi\u00f3 al frente de la <strong>Subsecretar\u00eda de Promoci\u00f3n de Derechos Humanos de Naci\u00f3n<\/strong>.<\/p>\n<p>Y si hablamos de funcionarios del equipo de Cascallares, vale mencionar a <strong>Mail\u00e9n Velez<\/strong> que acaba de ser designada <strong>vicepresidenta del Instituto de Previsi\u00f3n Social (IPS)<\/strong>, cargo que ocup\u00f3 durante la gesti\u00f3n del actual intendente browniano en dicho organismo hasta el 2015.<\/p>\n<p>Almirante Brown tambi\u00e9n tiene su \u00e1rea rural. Por eso desde la Granja Educativa Municipal se \u00abexport\u00f3\u00bb a <strong>Nicol\u00e1s Bento<\/strong> que ya <strong>se desempe\u00f1a al frente de la Direcci\u00f3n de Cooperativas Agropecuarias del Ministerio de Desarrollo Agrario Bonaerense<\/strong>.<\/p>\n<p><img loading=\"lazy\" decoding=\"async\" class=\"alignnone size-full wp-image-23330\" src=\"https:\/\/laurbedigital.com.ar\/noticias\/wp-content\/uploads\/2020\/03\/20200307-brown-00006.jpg\" alt=\"\" width=\"788\" height=\"256\" title=\"\" srcset=\"https:\/\/laurbedigital.com.ar\/noticias\/wp-content\/uploads\/2020\/03\/20200307-brown-00006.jpg 788w, https:\/\/laurbedigital.com.ar\/noticias\/wp-content\/uploads\/2020\/03\/20200307-brown-00006-300x97.jpg 300w, https:\/\/laurbedigital.com.ar\/noticias\/wp-content\/uploads\/2020\/03\/20200307-brown-00006-768x250.jpg 768w\" sizes=\"auto, (max-width: 788px) 100vw, 788px\" \/><\/p>\n<p><strong>El aporte del equipo de gesti\u00f3n del Municipio de Almirante Brown tambi\u00e9n se hace evidente en otras \u00e1reas de la Naci\u00f3n y la Provincia. Y todos dijeron \u00abpresente\u00bb el jueves en la Casa de la Cultura.<\/strong><\/p>\n<p>&nbsp;<\/p>\n","protected":false},"excerpt":{"rendered":"<p>&nbsp; Hace apenas 48 horas, cuando el intendente Mariano Cascallares abri\u00f3 un nuevo per\u00edodo de sesiones ordinarias del Concejo deliberante,<\/p>\n","protected":false},"author":1,"featured_media":23328,"comment_status":"closed","ping_status":"closed","sticky":false,"template":"","format":"standard","meta":{"kia_subtitle":"","footnotes":"","jetpack_publicize_message":"","jetpack_publicize_feature_enabled":true,"jetpack_social_post_already_shared":true,"jetpack_social_options":{"image_generator_settings":{"template":"highway","default_image_id":0,"font":"","enabled":false},"version":2}},"categories":[2,33],"tags":[129,2442,1820,115],"class_list":["post-23325","post","type-post","status-publish","format-standard","has-post-thumbnail","hentry","category-alte-brown","category-alte-brown-alte-brown","tag-almirante-brown","tag-casa-de-la-cultura","tag-casa-de-la-cultura-almirante-brown","tag-mariano-cascallares"],"jetpack_publicize_connections":[],"jetpack_featured_media_url":"https:\/\/laurbedigital.com.ar\/noticias\/wp-content\/uploads\/2020\/03\/20200307-brown-00002-1.jpg","_links":{"self":[{"href":"https:\/\/laurbedigital.com.ar\/noticias\/wp-json\/wp\/v2\/posts\/23325","targetHints":{"allow":["GET"]}}],"collection":[{"href":"https:\/\/laurbedigital.com.ar\/noticias\/wp-json\/wp\/v2\/posts"}],"about":[{"href":"https:\/\/laurbedigital.com.ar\/noticias\/wp-json\/wp\/v2\/types\/post"}],"author":[{"embeddable":true,"href":"https:\/\/laurbedigital.com.ar\/noticias\/wp-json\/wp\/v2\/users\/1"}],"replies":[{"embeddable":true,"href":"https:\/\/laurbedigital.com.ar\/noticias\/wp-json\/wp\/v2\/comments?post=23325"}],"version-history":[{"count":1,"href":"https:\/\/laurbedigital.com.ar\/noticias\/wp-json\/wp\/v2\/posts\/23325\/revisions"}],"predecessor-version":[{"id":23331,"href":"https:\/\/laurbedigital.com.ar\/noticias\/wp-json\/wp\/v2\/posts\/23325\/revisions\/23331"}],"wp:featuredmedia":[{"embeddable":true,"href":"https:\/\/laurbedigital.com.ar\/noticias\/wp-json\/wp\/v2\/media\/23328"}],"wp:attachment":[{"href":"https:\/\/laurbedigital.com.ar\/noticias\/wp-json\/wp\/v2\/media?parent=23325"}],"wp:term":[{"taxonomy":"category","embeddable":true,"href":"https:\/\/laurbedigital.com.ar\/noticias\/wp-json\/wp\/v2\/categories?post=23325"},{"taxonomy":"post_tag","embeddable":true,"href":"https:\/\/laurbedigital.com.ar\/noticias\/wp-json\/wp\/v2\/tags?post=23325"}],"curies":[{"name":"wp","href":"https:\/\/api.w.org\/{rel}","templated":true}]}}