{"id":23244,"date":"2020-03-05T13:35:42","date_gmt":"2020-03-05T16:35:42","guid":{"rendered":"https:\/\/laurbedigital.com.ar\/noticias\/?p=23244"},"modified":"2020-03-05T13:35:42","modified_gmt":"2020-03-05T16:35:42","slug":"amia-oficializaron-la-desclasificacion-los-archivos-secretos","status":"publish","type":"post","link":"https:\/\/laurbedigital.com.ar\/noticias\/2020\/03\/05\/amia-oficializaron-la-desclasificacion-los-archivos-secretos\/","title":{"rendered":"AMIA: oficializaron la desclasificaci\u00f3n de los archivos secretos"},"content":{"rendered":"<p>&nbsp;<\/p>\n<h5>El Poder Ejecutivo lo oficializ\u00f3 a trav\u00e9s del decreto 213 publicado hoy en el Bolet\u00edn Oficial, que lleva la firma del presidente Alberto Fern\u00e1ndez.<\/h5>\n<p>El Poder Ejecutivo oficializ\u00f3 hoy la \u00abdesclasificaci\u00f3n absoluta de la totalidad de la informaci\u00f3n y documentaci\u00f3n\u00bb relacionada con el atentado a la mutual jud\u00eda AMIA existente en la administraci\u00f3n p\u00fablica nacional, especialmente la proporcionada por la actual Agencia Federal de Inteligencia (AFI).<\/p>\n<p>As\u00ed lo hizo a trav\u00e9s del decreto 213 publicado hoy en el Bolet\u00edn Oficial, que lleva la firma del presidente Alberto Fern\u00e1ndez, el jefe de Gabinete, Santiago Cafiero, y la ministra de Justicia, Marcela Losardo.<\/p>\n<p>\u00abOt\u00f3rgase el car\u00e1cter de p\u00fablico en los t\u00e9rminos del inciso C del art\u00edculo 16 bis de la Ley (Nacional de Inteligencia) N\u00b0 25.520 y sus modificaciones, a toda aquella informaci\u00f3n brindada desde el Estado Nacional para los procesos judiciales que ya cuentan con sentencia, relativos al atentado perpetrado contra la AMIA, su encubrimiento y dem\u00e1s delitos conexos\u00bb, dice el art\u00edculo 1 del decreto.<\/p>\n<p>En la desclasificaci\u00f3n incluye \u00ablos legajos de investigaci\u00f3n y la totalidad de la informaci\u00f3n brindada desde el Estado Nacional en las audiencias de los juicios realizados, permitiendo que las mismas trasciendan el \u00e1mbito oficial\u00bb.<\/p>\n<p>En la disposici\u00f3n, que fue adelantada ayer por T\u00e9lam, se recuerdan los decretos de a\u00f1os anteriores por los cuales se resolvieron \u00abdiversas medidas para poner a disposici\u00f3n del \u00f3rgano judicial correspondiente informaci\u00f3n de relevancia producida en diversas dependencias estatales sobre el atentado perpetrado contra la AMIA, en particular en la hoy denominada Agencia Federal de Inteligencia (AFI)\u00bb.<\/p>\n<p>En ese sentido, se dispuso -entre otros puntos- \u00abdeclarar la desclasificaci\u00f3n absoluta de la totalidad de la informaci\u00f3n y documentaci\u00f3n relacionada con el atentado\u00bb contra la mutual, \u00absu encubrimiento y delitos conexos existente en todas las dependencias de la Administraci\u00f3n P\u00fablica Nacional, incluyendo toda informaci\u00f3n tratada en resoluciones y decretos dictados oportunamente\u00bb.<\/p>\n<p>El decreto recuerda asimismo que en 2015 se dispuso la desclasificaci\u00f3n de documentaci\u00f3n identificada por la Unidad Fiscal de Investigaci\u00f3n del Atentado contra la sede de la AMIA y se instruy\u00f3 a la AFI a remitir a esa Unidad \u00abtoda otra nueva documentaci\u00f3n, informe o archivo que no hubieran sido aportados\u00bb a la causa. Luego, en 2017, se dispuso la desclasificaci\u00f3n de material no alcanzado por la medida anterior.<\/p>\n<p>No obstante, se aclara que -pese a esos antecedentes- persisten \u00abdiversos obst\u00e1culos para un acceso pleno al derecho a la informaci\u00f3n y a la verdad por parte de las v\u00edctimas y familiares del atentado\u00bb.<\/p>\n<p>Esa situaci\u00f3n \u00abafecta a la sociedad en su conjunto ya que sin duda alguna existe una vinculaci\u00f3n inescindible entre democracia, derechos humanos y verdad, que el Estado debe sostener en sus acciones\u00bb, seg\u00fan dice el texto de la norma.<\/p>\n<p>\u00abEl derecho a la verdad implica la obligaci\u00f3n del Estado de esclarecer, investigar, juzgar y sancionar a las personas responsables de violaciones a los derechos humanos, as\u00ed como tambi\u00e9n de garantizar el acceso a la informaci\u00f3n relativa a ellos que se encuentra\u00bb en el Estado, indica el decreto.<\/p>\n<p>Agrega que mantener en secreto \u00abinformaci\u00f3n y documentaci\u00f3n relativa al accionar de los organismos de inteligencia como as\u00ed tambi\u00e9n de cualquier organismo vinculado a la investigaci\u00f3n del atentado (&#8230;) resulta contrario a la b\u00fasqueda de la verdad\u00bb.<\/p>\n<p>En ese marco, sostiene que \u00abresulta imperioso comenzar un trabajo definitivo sobre la informaci\u00f3n relacionada al citado atentado y su encubrimiento\u00bb, disponiendo medidas para \u00abtransparencia y publicidad\u00bb de esa informaci\u00f3n.<\/p>\n<p>En ese marco, el Presidente dispuso adem\u00e1s crear una \u00abmesa de di\u00e1logo, en la que confluyan los distintos organismos estatales y de la sociedad civil\u00bb para recopilar esa informaci\u00f3n y \u00abefectuar un diagn\u00f3stico cierto, que permita adoptar r\u00e1pidas decisiones para que no existan demoras ni problemas institucionales que impidan el adecuado acceso al derecho a la verdad y a la informaci\u00f3n\u00bb.<\/p>\n<p>Por ello, adem\u00e1s de darse el \u00abcar\u00e1cter de p\u00fablico\u00bb a esa informaci\u00f3n, Fern\u00e1ndez dispuso que \u00abdeber\u00e1n adoptarse los recaudos pertinentes para resguardar la identidad de los agentes que declararon\u00bb en los procesos judiciales y \u00abtoda la informaci\u00f3n y documentaci\u00f3n relativa a representantes de otros pa\u00edses, en particular respecto de la identidad de los agentes de inteligencia extranjeros\u00bb.<\/p>\n<p>Sobre la desclasificaci\u00f3n, se except\u00faa \u00abla informaci\u00f3n y documentaci\u00f3n relativa a representantes de otros pa\u00edses, en particular sobre las cuestiones referidas a la identidad de los agentes de inteligencia extranjeros\u00bb.<\/p>\n<p>&nbsp;<\/p>\n","protected":false},"excerpt":{"rendered":"<p>&nbsp; El Poder Ejecutivo lo oficializ\u00f3 a trav\u00e9s del decreto 213 publicado hoy en el Bolet\u00edn Oficial, que lleva la<\/p>\n","protected":false},"author":1,"featured_media":23245,"comment_status":"closed","ping_status":"closed","sticky":false,"template":"","format":"standard","meta":{"kia_subtitle":"","footnotes":"","jetpack_publicize_message":"","jetpack_publicize_feature_enabled":true,"jetpack_social_post_already_shared":true,"jetpack_social_options":{"image_generator_settings":{"template":"highway","default_image_id":0,"font":"","enabled":false},"version":2}},"categories":[1],"tags":[2431,1716,2301],"class_list":["post-23244","post","type-post","status-publish","format-standard","has-post-thumbnail","hentry","category-uncategorized","tag-afi","tag-alberto-fernandez","tag-amia"],"jetpack_publicize_connections":[],"jetpack_featured_media_url":"https:\/\/laurbedigital.com.ar\/noticias\/wp-content\/uploads\/2020\/03\/20200305-actualidad-alberto-fernandez-00002.jpg","_links":{"self":[{"href":"https:\/\/laurbedigital.com.ar\/noticias\/wp-json\/wp\/v2\/posts\/23244","targetHints":{"allow":["GET"]}}],"collection":[{"href":"https:\/\/laurbedigital.com.ar\/noticias\/wp-json\/wp\/v2\/posts"}],"about":[{"href":"https:\/\/laurbedigital.com.ar\/noticias\/wp-json\/wp\/v2\/types\/post"}],"author":[{"embeddable":true,"href":"https:\/\/laurbedigital.com.ar\/noticias\/wp-json\/wp\/v2\/users\/1"}],"replies":[{"embeddable":true,"href":"https:\/\/laurbedigital.com.ar\/noticias\/wp-json\/wp\/v2\/comments?post=23244"}],"version-history":[{"count":1,"href":"https:\/\/laurbedigital.com.ar\/noticias\/wp-json\/wp\/v2\/posts\/23244\/revisions"}],"predecessor-version":[{"id":23246,"href":"https:\/\/laurbedigital.com.ar\/noticias\/wp-json\/wp\/v2\/posts\/23244\/revisions\/23246"}],"wp:featuredmedia":[{"embeddable":true,"href":"https:\/\/laurbedigital.com.ar\/noticias\/wp-json\/wp\/v2\/media\/23245"}],"wp:attachment":[{"href":"https:\/\/laurbedigital.com.ar\/noticias\/wp-json\/wp\/v2\/media?parent=23244"}],"wp:term":[{"taxonomy":"category","embeddable":true,"href":"https:\/\/laurbedigital.com.ar\/noticias\/wp-json\/wp\/v2\/categories?post=23244"},{"taxonomy":"post_tag","embeddable":true,"href":"https:\/\/laurbedigital.com.ar\/noticias\/wp-json\/wp\/v2\/tags?post=23244"}],"curies":[{"name":"wp","href":"https:\/\/api.w.org\/{rel}","templated":true}]}}