{"id":23241,"date":"2020-03-05T13:27:34","date_gmt":"2020-03-05T16:27:34","guid":{"rendered":"https:\/\/laurbedigital.com.ar\/noticias\/?p=23241"},"modified":"2020-03-05T13:27:34","modified_gmt":"2020-03-05T16:27:34","slug":"cuatro-hermanas-estan-desaparecidas-cordoba","status":"publish","type":"post","link":"https:\/\/laurbedigital.com.ar\/noticias\/2020\/03\/05\/cuatro-hermanas-estan-desaparecidas-cordoba\/","title":{"rendered":"Cuatro hermanas est\u00e1n desaparecidas en C\u00f3rdoba"},"content":{"rendered":"<h5>\nTienen 6, 13, 14 y 17 a\u00f1os. Se fueron de la casa de su padre adoptivo hacia la de su familia biol\u00f3gica, pero nunca llegaron.<\/h5>\n<article class=\"article-body\">\n<div class=\"article-content selectionShareable\">\n<div class=\"cuerpo\" data-twitter-link=\"\">\n<p><strong>Cuatro hermanas de 6, 13, 14 y 17 a\u00f1os edad est\u00e1n desaparecidas<\/strong>\u00a0en la ciudad de\u00a0<strong>C\u00f3rdoba<\/strong>\u00a0desde la tarde de este mi\u00e9rcoles.<\/p>\n<p>La b\u00fasqueda comenz\u00f3 anoche cuando el padre adoptivo de las ni\u00f1as se present\u00f3 en la comisar\u00eda de barrio C\u00e1rcano indicando que las chicas hab\u00edan salido de su casa, en calle De las Altas Cumbres al 4300, en direcci\u00f3n a la casa de su familia biol\u00f3gica.<\/p>\n<p>Tras la denuncia, una comisi\u00f3n se hizo presente en el domicilio de barrio San Vicente pero informaron que las menores nunca llegaron al lugar.<\/p>\n<p>Por cualquier informaci\u00f3n, por favor comunicarse con la\u00a0<strong>Unidad Judicial N\u00ba 8<\/strong>, de barrio Jos\u00e9 Ignacio D\u00edaz, a los\u00a0<strong>tel\u00e9fonos 0351 4338586\/7 \u2013 4481016, n\u00famero de interno 3414<\/strong>.<\/p>\n<\/div>\n<\/div>\n<\/article>\n<div><\/div>\n","protected":false},"excerpt":{"rendered":"<p>Tienen 6, 13, 14 y 17 a\u00f1os. Se fueron de la casa de su padre adoptivo hacia la de su<\/p>\n","protected":false},"author":1,"featured_media":23242,"comment_status":"closed","ping_status":"closed","sticky":false,"template":"","format":"standard","meta":{"kia_subtitle":"","footnotes":"","jetpack_publicize_message":"","jetpack_publicize_feature_enabled":true,"jetpack_social_post_already_shared":true,"jetpack_social_options":{"image_generator_settings":{"template":"highway","default_image_id":0,"font":"","enabled":false},"version":2}},"categories":[8],"tags":[2430,165],"class_list":["post-23241","post","type-post","status-publish","format-standard","has-post-thumbnail","hentry","category-policiales","tag-cordoba","tag-policiales"],"jetpack_publicize_connections":[],"jetpack_featured_media_url":"https:\/\/laurbedigital.com.ar\/noticias\/wp-content\/uploads\/2020\/03\/20200305-policiales-00002.jpg","_links":{"self":[{"href":"https:\/\/laurbedigital.com.ar\/noticias\/wp-json\/wp\/v2\/posts\/23241","targetHints":{"allow":["GET"]}}],"collection":[{"href":"https:\/\/laurbedigital.com.ar\/noticias\/wp-json\/wp\/v2\/posts"}],"about":[{"href":"https:\/\/laurbedigital.com.ar\/noticias\/wp-json\/wp\/v2\/types\/post"}],"author":[{"embeddable":true,"href":"https:\/\/laurbedigital.com.ar\/noticias\/wp-json\/wp\/v2\/users\/1"}],"replies":[{"embeddable":true,"href":"https:\/\/laurbedigital.com.ar\/noticias\/wp-json\/wp\/v2\/comments?post=23241"}],"version-history":[{"count":1,"href":"https:\/\/laurbedigital.com.ar\/noticias\/wp-json\/wp\/v2\/posts\/23241\/revisions"}],"predecessor-version":[{"id":23243,"href":"https:\/\/laurbedigital.com.ar\/noticias\/wp-json\/wp\/v2\/posts\/23241\/revisions\/23243"}],"wp:featuredmedia":[{"embeddable":true,"href":"https:\/\/laurbedigital.com.ar\/noticias\/wp-json\/wp\/v2\/media\/23242"}],"wp:attachment":[{"href":"https:\/\/laurbedigital.com.ar\/noticias\/wp-json\/wp\/v2\/media?parent=23241"}],"wp:term":[{"taxonomy":"category","embeddable":true,"href":"https:\/\/laurbedigital.com.ar\/noticias\/wp-json\/wp\/v2\/categories?post=23241"},{"taxonomy":"post_tag","embeddable":true,"href":"https:\/\/laurbedigital.com.ar\/noticias\/wp-json\/wp\/v2\/tags?post=23241"}],"curies":[{"name":"wp","href":"https:\/\/api.w.org\/{rel}","templated":true}]}}