{"id":23207,"date":"2020-03-04T17:08:22","date_gmt":"2020-03-04T20:08:22","guid":{"rendered":"https:\/\/laurbedigital.com.ar\/noticias\/?p=23207"},"modified":"2020-03-06T17:38:27","modified_gmt":"2020-03-06T20:38:27","slug":"la-feria-productores-rurales-la-granja-educativa-municipal","status":"publish","type":"post","link":"https:\/\/laurbedigital.com.ar\/noticias\/2020\/03\/04\/la-feria-productores-rurales-la-granja-educativa-municipal\/","title":{"rendered":"La Feria de Productores Rurales en la Granja Educativa Municipal"},"content":{"rendered":"<p>&nbsp;<\/p>\n<h5>En la Granja Educativa Municipal de Ministro Rivadavia tendr\u00e1 lugar este s\u00e1bado 7 de marzo la feria de productores rurales locales, que cada vez recibe mayor cantidad de visitantes.<\/h5>\n<p>Con una gran variedad \u00a0de productos regionales a precios accesibles, la Feria de productores brownianos tendr\u00e1 lugar en el establecimiento municipal ubicado en Juan B. Justo al 1000, a partir de las 10 hs.<\/p>\n<p>All\u00ed los vecinos podr\u00e1n adquirir a bajo costo, productos originados en el distrito de la mano directa de sus productores, sin tener que pagar \u00a0gastos de intermediaci\u00f3n. Se pueden comprar verduras, frutillas, lechones, corderos, conejos, pollos, huevos, quesos, miel, flores, panificados, salames y artesan\u00edas.<\/p>\n<p>Habr\u00e1 visitas guiadas a las 11:30, 13:30 y 15:30. Y tambi\u00e9n contara la presentaci\u00f3n de grupo folkl\u00f3rico Tiempo de Encuentro a las 13 hs.<\/p>\n<p>Quienes deseen visitar la feria y no cuenten con veh\u00edculo, podr\u00e1n utilizar los servicios de la l\u00ednea de transporte de pasajeros 501 (Los Altos), que los s\u00e1bados realiza recorridos exclusivos desde la Estaci\u00f3n de Longchamps hasta la Granja municipal.<\/p>\n<p>El acceso a la granja es libre y gratuito.<\/p>\n<p>Solo en caso de lluvia, se pasa al s\u00e1bado siguiente.<\/p>\n<p>&nbsp;<\/p>\n","protected":false},"excerpt":{"rendered":"<p>&nbsp; En la Granja Educativa Municipal de Ministro Rivadavia tendr\u00e1 lugar este s\u00e1bado 7 de marzo la feria de productores<\/p>\n","protected":false},"author":1,"featured_media":18479,"comment_status":"closed","ping_status":"closed","sticky":false,"template":"","format":"standard","meta":{"kia_subtitle":"","footnotes":"","jetpack_publicize_message":"","jetpack_publicize_feature_enabled":true,"jetpack_social_post_already_shared":true,"jetpack_social_options":{"image_generator_settings":{"template":"highway","default_image_id":0,"font":"","enabled":false},"version":2}},"categories":[250],"tags":[1749,1530,1748,1347],"class_list":["post-23207","post","type-post","status-publish","format-standard","has-post-thumbnail","hentry","category-ministro-rivadavia","tag-compra-local","tag-feria-de-productores-de-almirante-brown","tag-granja-educativa-ministro-rivadavia","tag-granja-educativa-municipal-almirante-brown"],"jetpack_publicize_connections":[],"jetpack_featured_media_url":"https:\/\/laurbedigital.com.ar\/noticias\/wp-content\/uploads\/2019\/04\/20190809-brown.jpg","_links":{"self":[{"href":"https:\/\/laurbedigital.com.ar\/noticias\/wp-json\/wp\/v2\/posts\/23207","targetHints":{"allow":["GET"]}}],"collection":[{"href":"https:\/\/laurbedigital.com.ar\/noticias\/wp-json\/wp\/v2\/posts"}],"about":[{"href":"https:\/\/laurbedigital.com.ar\/noticias\/wp-json\/wp\/v2\/types\/post"}],"author":[{"embeddable":true,"href":"https:\/\/laurbedigital.com.ar\/noticias\/wp-json\/wp\/v2\/users\/1"}],"replies":[{"embeddable":true,"href":"https:\/\/laurbedigital.com.ar\/noticias\/wp-json\/wp\/v2\/comments?post=23207"}],"version-history":[{"count":2,"href":"https:\/\/laurbedigital.com.ar\/noticias\/wp-json\/wp\/v2\/posts\/23207\/revisions"}],"predecessor-version":[{"id":73577,"href":"https:\/\/laurbedigital.com.ar\/noticias\/wp-json\/wp\/v2\/posts\/23207\/revisions\/73577"}],"wp:featuredmedia":[{"embeddable":true,"href":"https:\/\/laurbedigital.com.ar\/noticias\/wp-json\/wp\/v2\/media\/18479"}],"wp:attachment":[{"href":"https:\/\/laurbedigital.com.ar\/noticias\/wp-json\/wp\/v2\/media?parent=23207"}],"wp:term":[{"taxonomy":"category","embeddable":true,"href":"https:\/\/laurbedigital.com.ar\/noticias\/wp-json\/wp\/v2\/categories?post=23207"},{"taxonomy":"post_tag","embeddable":true,"href":"https:\/\/laurbedigital.com.ar\/noticias\/wp-json\/wp\/v2\/tags?post=23207"}],"curies":[{"name":"wp","href":"https:\/\/api.w.org\/{rel}","templated":true}]}}