{"id":22891,"date":"2020-02-23T11:12:40","date_gmt":"2020-02-23T14:12:40","guid":{"rendered":"https:\/\/laurbedigital.com.ar\/noticias\/?p=22891"},"modified":"2020-02-23T11:12:40","modified_gmt":"2020-02-23T14:12:40","slug":"asentamiento-mas-antiguo-la-antartida-una-base-argentina","status":"publish","type":"post","link":"https:\/\/laurbedigital.com.ar\/noticias\/2020\/02\/23\/asentamiento-mas-antiguo-la-antartida-una-base-argentina\/","title":{"rendered":"El asentamiento m\u00e1s antiguo de la Ant\u00e1rtida es una base argentina"},"content":{"rendered":"<p>&nbsp;<\/p>\n<h5>El 22 de febrero de 1904, con la instalaci\u00f3n de una estafeta postal y una estaci\u00f3n meteorol\u00f3gica, se inaugur\u00f3 el destacamento naval que hoy es la Base Ant\u00e1rtica Conjunta Orcadas.<\/h5>\n<p>Un antiguo apostadero de navegantes escoceses adquirido por el estado argentino en enero de 1904 se convirti\u00f3 el 22 de febrero de ese a\u00f1o en el primer asentamiento permanente de la Ant\u00e1rtida, cuando, con la instalaci\u00f3n de una estafeta postal y una estaci\u00f3n meteorol\u00f3gica, se inaugur\u00f3 el destacamento naval que hoy es la Base Ant\u00e1rtica Conjunta Orcadas.<\/p>\n<p>Un guardaparques que monitorea la fauna la Isla Laurie, un t\u00e9cnico que opera los equipos de registro sismol\u00f3gico, una observadora meteorol\u00f3gica y una observadora geomagnet\u00f3loga, junto a una docena de militares que sostienen todas las operaciones log\u00edsticas, pasar\u00e1n todo el invierno en la base ubicada a m\u00e1s de 1.500 kil\u00f3metros al sudeste de la ciudad fueguina de Ushuaia para sostener la continuidad de registros cient\u00edficos que, en algunos casos, llevan m\u00e1s de cien a\u00f1os sin interrupciones.<\/p>\n<p>A principios de 1903, una expedici\u00f3n escocesa a cargo de William Speirs Bruce naveg\u00f3 al mar Ant\u00e1rtico en el buque Scotia, que qued\u00f3 aprisionado por los hielos en la isla Laurie, donde se levant\u00f3 el 1 de abril una caba\u00f1a para hibernar y realizar diversos trabajos cient\u00edficos, conocida como Omond House.<\/p>\n<p>Cuando pudo regresar a Buenos Aires, Bruce ofreci\u00f3 al gobierno argentino las instalaciones de Omond House, el dep\u00f3sito de instrumental y los aparatos de observaci\u00f3n, y fue el entonces presidente Julio Argentino Roca, quien por el decreto 3073 del 2 de enero de 1904 acept\u00f3 el ofrecimiento de las instalaciones y autoriz\u00f3 a la Oficina Meteorol\u00f3gica Argentina para mantener la estaci\u00f3n.<\/p>\n<p>El jefe de la actual dotaci\u00f3n de la Base Ant\u00e1rtica Conjunta Orcadas es el capit\u00e1n de Fragata Andr\u00e9s Lucas Seidel, un nativo de R\u00edo Gallegos de 45 a\u00f1os que se cri\u00f3 en Tandil, y que, al asumir su actual misi\u00f3n, tuvo que despedirse por un a\u00f1o de su esposa Roxana y de su hija Luc\u00eda, de 17, que arranca la universidad y de su hijo Lucas, de 15.<\/p>\n<p>Seidel cont\u00f3 a T\u00e9lam: \u00ab<strong>En 1998 estaba prestando servicios como guardiamarina en el aviso Gurruchaga cuando, en el mes de agosto, esa unidad fue designada para formar parte de la primera Patrulla Ant\u00e1rtica Naval Combinada (PANC). Ese fue mi primer contacto involuntario con la Ant\u00e1rtida y el continente blanco me atrap\u00f3 en su halo de misterio y salvaje hermosura<\/strong>\u00ab.<\/p>\n<p>\u00abEn ese viaje tuve la oportunidad de conocer muy bien la zona de las Islas Orcadas del Sur y, en general, toda la Ant\u00e1rtida. Me cautiv\u00f3 ese blanco radiante de los hielos eternos, ese clima implacable e impredecible que puede darte momentos de sol radiante y tormenta de nieve con tres horas de diferencia, para terminar el d\u00eda nuevamente con sol\u00bb, agreg\u00f3.<\/p>\n<p>Seidel resalt\u00f3: \u00abTambi\u00e9n, tuve oportunidad de conocer en esa ocasi\u00f3n distintas bases, nacionales y extranjeras, cada una tiene su propio car\u00e1cter y personalidad, pero hay un denominador com\u00fan, y es que todos los que est\u00e1n en las bases est\u00e1n en forma voluntaria y aman estar all\u00ed. Y eso se nota en el orgullo y convencimiento que se percibe al verlos realizar cualquier tarea\u00bb.<\/p>\n<p>\u00abEsa fue mi \u00fanica campa\u00f1a, y bast\u00f3 para convencerme que ten\u00eda que volver a la Ant\u00e1rtida, pero no por unos meses, sino por todo un a\u00f1o. Esa idea me persigui\u00f3 toda la carrera. Lamentablemente, la suerte no estuvo de mi lado y, reci\u00e9n veinte a\u00f1os m\u00e1s tarde, pude cerrar ese cap\u00edtulo, cuando fui designado como futuro Jefe de la Base Orcadas\u00bb, indic\u00f3.<\/p>\n<p>Seidel coment\u00f3 que \u00abl<strong>as actividades cient\u00edficas m\u00e1s importantes, para nombrar algunas, son el monitoreo de plancton, y el conteo de aves y mam\u00edferos marinos, como as\u00ed tambi\u00e9n el proyecto de geodesia ant\u00e1rtica\u00bb.<\/strong><\/p>\n<p>&nbsp;<\/p>\n","protected":false},"excerpt":{"rendered":"<p>&nbsp; El 22 de febrero de 1904, con la instalaci\u00f3n de una estafeta postal y una estaci\u00f3n meteorol\u00f3gica, se inaugur\u00f3<\/p>\n","protected":false},"author":1,"featured_media":22887,"comment_status":"closed","ping_status":"closed","sticky":false,"template":"","format":"standard","meta":{"kia_subtitle":"","footnotes":"","jetpack_publicize_message":"","jetpack_publicize_feature_enabled":true,"jetpack_social_post_already_shared":true,"jetpack_social_options":{"image_generator_settings":{"template":"highway","default_image_id":0,"font":"","enabled":false},"version":2}},"categories":[3],"tags":[2371],"class_list":["post-22891","post","type-post","status-publish","format-standard","has-post-thumbnail","hentry","category-actualidad","tag-antartida"],"jetpack_publicize_connections":[],"jetpack_featured_media_url":"https:\/\/laurbedigital.com.ar\/noticias\/wp-content\/uploads\/2020\/02\/20200223-actualidad-antardita-00002.jpg","_links":{"self":[{"href":"https:\/\/laurbedigital.com.ar\/noticias\/wp-json\/wp\/v2\/posts\/22891","targetHints":{"allow":["GET"]}}],"collection":[{"href":"https:\/\/laurbedigital.com.ar\/noticias\/wp-json\/wp\/v2\/posts"}],"about":[{"href":"https:\/\/laurbedigital.com.ar\/noticias\/wp-json\/wp\/v2\/types\/post"}],"author":[{"embeddable":true,"href":"https:\/\/laurbedigital.com.ar\/noticias\/wp-json\/wp\/v2\/users\/1"}],"replies":[{"embeddable":true,"href":"https:\/\/laurbedigital.com.ar\/noticias\/wp-json\/wp\/v2\/comments?post=22891"}],"version-history":[{"count":2,"href":"https:\/\/laurbedigital.com.ar\/noticias\/wp-json\/wp\/v2\/posts\/22891\/revisions"}],"predecessor-version":[{"id":22893,"href":"https:\/\/laurbedigital.com.ar\/noticias\/wp-json\/wp\/v2\/posts\/22891\/revisions\/22893"}],"wp:featuredmedia":[{"embeddable":true,"href":"https:\/\/laurbedigital.com.ar\/noticias\/wp-json\/wp\/v2\/media\/22887"}],"wp:attachment":[{"href":"https:\/\/laurbedigital.com.ar\/noticias\/wp-json\/wp\/v2\/media?parent=22891"}],"wp:term":[{"taxonomy":"category","embeddable":true,"href":"https:\/\/laurbedigital.com.ar\/noticias\/wp-json\/wp\/v2\/categories?post=22891"},{"taxonomy":"post_tag","embeddable":true,"href":"https:\/\/laurbedigital.com.ar\/noticias\/wp-json\/wp\/v2\/tags?post=22891"}],"curies":[{"name":"wp","href":"https:\/\/api.w.org\/{rel}","templated":true}]}}