{"id":2276,"date":"2016-03-28T15:55:00","date_gmt":"2016-03-28T18:55:00","guid":{"rendered":"http:\/\/laurbedigital.com.ar\/noticias\/?p=2276"},"modified":"2016-03-28T15:55:00","modified_gmt":"2016-03-28T18:55:00","slug":"presentaron-la-muestra-aparecidos","status":"publish","type":"post","link":"https:\/\/laurbedigital.com.ar\/noticias\/2016\/03\/28\/presentaron-la-muestra-aparecidos\/","title":{"rendered":"Presentaron la muestra  \u201cAparecidos\u201d"},"content":{"rendered":"<div>En el Instituto Municipal de las Culturas presentaron oficialmente la muestra art\u00edstica sobre retratos de desaparecidos \u00a0durante la \u00faltima dictadura militar en Almirante Brown, \u00a0que re\u00fane trabajos \u00a0 del artista pl\u00e1stico estadounidense Brian Carlson.<\/div>\n<div><\/div>\n<div>La Subsecretar\u00eda de Derechos Humanos promociona \u00a0dicha exhibici\u00f3n de 70 retratos de desaparecidos, que podr\u00e1 visitarse hasta el pr\u00f3ximo jueves 31 de marzo.<u><\/u><\/div>\n<div><\/div>\n<div>Pablo Gim\u00e9nez, titular del \u00e1rea de Derechos Humanos se\u00f1al\u00f3 \u201ces un hecho destacable que un artista reconocido internacionalmente se dedique al tema de desaparecidos de la \u00faltima dictadura c\u00edvico &#8211; militar y que lo haga con much\u00edsimo respeto y sentimiento\u201d.<\/div>\n<div><\/div>\n<div>La muestra cuenta con retratos a color puesto que fue la intenci\u00f3n del artista pasar del blanco y negro de las fotos originales a colores intensos. Carlson oportunamente coment\u00f3 que la idea de llamar a la colecci\u00f3n art\u00edstica \u201caparecidos\u201d es para revertir el t\u00e9rmino desaparecidos y de alguna manera darle vida simb\u00f3licamente.<\/div>\n<div><\/div>\n<div>La presentaci\u00f3n realizada en el Instituto Municipal de las Culturas cont\u00f3 con la presencia de m\u00e1s de 100 personas, \u00a0entre ellas hijos y familiares de desaparecidos, autoridades municipales, concejales y p\u00fablico en general.<\/div>\n<div><\/div>\n<div>El artista mediante su traductora se mostr\u00f3 muy emocionado y explic\u00f3 que permanentemente quiere educar y explicar a los ciudadanos norteamericanos lo sucedido aqu\u00ed en Argentina y que estas atrocidades contaron con apoyo del gobierno de su pa\u00eds y el llamado Plan C\u00f3ndor.<u><\/u><u><\/u><\/div>\n<div dir=\"ltr\"><\/div>\n","protected":false},"excerpt":{"rendered":"<p>En el Instituto Municipal de las Culturas presentaron oficialmente la muestra art\u00edstica sobre retratos de desaparecidos \u00a0durante la \u00faltima dictadura<\/p>\n","protected":false},"author":1,"featured_media":2277,"comment_status":"closed","ping_status":"closed","sticky":false,"template":"","format":"standard","meta":{"kia_subtitle":"","footnotes":"","jetpack_publicize_message":"","jetpack_publicize_feature_enabled":true,"jetpack_social_post_already_shared":true,"jetpack_social_options":{"image_generator_settings":{"template":"highway","default_image_id":0,"font":"","enabled":false},"version":2}},"categories":[33,2],"tags":[],"class_list":["post-2276","post","type-post","status-publish","format-standard","has-post-thumbnail","hentry","category-alte-brown-alte-brown","category-alte-brown"],"jetpack_publicize_connections":[],"jetpack_featured_media_url":"https:\/\/laurbedigital.com.ar\/noticias\/wp-content\/uploads\/2016\/03\/20160328-brown2.jpg","_links":{"self":[{"href":"https:\/\/laurbedigital.com.ar\/noticias\/wp-json\/wp\/v2\/posts\/2276","targetHints":{"allow":["GET"]}}],"collection":[{"href":"https:\/\/laurbedigital.com.ar\/noticias\/wp-json\/wp\/v2\/posts"}],"about":[{"href":"https:\/\/laurbedigital.com.ar\/noticias\/wp-json\/wp\/v2\/types\/post"}],"author":[{"embeddable":true,"href":"https:\/\/laurbedigital.com.ar\/noticias\/wp-json\/wp\/v2\/users\/1"}],"replies":[{"embeddable":true,"href":"https:\/\/laurbedigital.com.ar\/noticias\/wp-json\/wp\/v2\/comments?post=2276"}],"version-history":[{"count":1,"href":"https:\/\/laurbedigital.com.ar\/noticias\/wp-json\/wp\/v2\/posts\/2276\/revisions"}],"predecessor-version":[{"id":2278,"href":"https:\/\/laurbedigital.com.ar\/noticias\/wp-json\/wp\/v2\/posts\/2276\/revisions\/2278"}],"wp:featuredmedia":[{"embeddable":true,"href":"https:\/\/laurbedigital.com.ar\/noticias\/wp-json\/wp\/v2\/media\/2277"}],"wp:attachment":[{"href":"https:\/\/laurbedigital.com.ar\/noticias\/wp-json\/wp\/v2\/media?parent=2276"}],"wp:term":[{"taxonomy":"category","embeddable":true,"href":"https:\/\/laurbedigital.com.ar\/noticias\/wp-json\/wp\/v2\/categories?post=2276"},{"taxonomy":"post_tag","embeddable":true,"href":"https:\/\/laurbedigital.com.ar\/noticias\/wp-json\/wp\/v2\/tags?post=2276"}],"curies":[{"name":"wp","href":"https:\/\/api.w.org\/{rel}","templated":true}]}}