{"id":2234,"date":"2016-03-26T19:26:57","date_gmt":"2016-03-26T22:26:57","guid":{"rendered":"http:\/\/laurbedigital.com.ar\/noticias\/?p=2234"},"modified":"2016-03-26T19:26:57","modified_gmt":"2016-03-26T22:26:57","slug":"mal-febrero-para-las-pymes-industriales-el-496-termino-el-mes-en-baja","status":"publish","type":"post","link":"https:\/\/laurbedigital.com.ar\/noticias\/2016\/03\/26\/mal-febrero-para-las-pymes-industriales-el-496-termino-el-mes-en-baja\/","title":{"rendered":"Mal febrero para las pymes industriales: el 49,6% termin\u00f3 el mes en baja"},"content":{"rendered":"<p>En este sentido, la industria del sector cay\u00f3 un 4,8% respecto a igual mes de 2015 y s\u00f3lo un 18% de las empresas relev\u00f3 un crecimiento anual. Las ramas m\u00e1s afectadas: productos de pl\u00e1stico, caucho, maquinaria, metal, electromec\u00e1nicos, infotm\u00e1ticos, calzado, madera y muebles, entre otros.<\/p>\n<p>La Confederaci\u00f3n Argentina de la Mediana Empresa (Came) inform\u00f3 que febrero fue un mes dif\u00edcil para la mayor\u00eda de las pymes industriales que se vieron afectadas por la ca\u00edda generalizada en los pedidos de producci\u00f3n.<\/p>\n<p>S\u00f3lo el 18% de las industrias relevadas tuvieron crecimiento anual, mientras que el 49,6% finaliz\u00f3 el mes en baja, inform\u00f3 la Came.<\/p>\n<p>Las empresas continuaron enfrentando las subas acentuadas en sus costos de producci\u00f3n y las dificultades para trasladar a los precios esos aumentos en un contexto de baja demanda.<\/p>\n<p>Para los pr\u00f3ximos meses, 6 de cada 10 industrias creen que la actividad seguir\u00e1 cayendo o se mantendr\u00e1 en los niveles actuales, que son bajos. Eso est\u00e1 postergando la esperada recuperaci\u00f3n de la inversi\u00f3n: s\u00f3lo el 11,6% de las pymes consultadas defini\u00f3 inversiones para 2016.<\/p>\n<p>Datos:<\/p>\n<p>&#8211; La industria PyME cay\u00f3 4,8% en febrero frente al mismo mes de 2015, con ca\u00eddas generalizadas en todos los sectores manufactureros. En la comparaci\u00f3n mensual, la producci\u00f3n tambi\u00e9n registr\u00f3 un derrumbe de 2,1%.<\/p>\n<p>&#8211; Los datos surgen de la Encuesta Mensual Industrial realizada por CAME entre 250 industrias pymes del pa\u00eds. Febrero fue un mes entre \u00abregular\u00bb y \u00abmalo\u00bb para el 87% de las empresas consultadas, que se vieron afectadas por la menor demanda, los incrementos en los precios de insumos esenciales para completar el ciclo productivo, y las dificultades para trasladar esas subas a los precios de venta frente a los bajos niveles de demanda.<\/p>\n<p>&#8211; En promedio, los empresarios consultados declararon subas mensuales de 5,9% en sus costos de producci\u00f3n mientras que sus precios subieron 2,8%, y la mitad de ellos directamente no traslad\u00f3 subas de costos a precios sino que los absorbieron con su rentabilidad.<\/p>\n<p>Ramas m\u00e1s afectadas por el contexto recesivo en febrero. \u00abMaterial de Transporte\u00bb con una baja anual de 8,8%, \u00abProductos de caucho y pl\u00e1stico\u00bb (-8,0%), \u00abMinerales no met\u00e1licos\u00bb (-7,7%), \u00abProductos de metal, maquinaria y equipo\u00bb (-6,4%), \u00abProductos electro-mec\u00e1nicos e inform\u00e1tica\u00bb (-6,0%), \u00abCalzado y marroquiner\u00eda\u00bb (-5,3%), \u00abPapel, cart\u00f3n, edici\u00f3n e impresi\u00f3n\u00bb (-5,0%), y \u00abProductos de madera y muebles (-4,8%).<\/p>\n","protected":false},"excerpt":{"rendered":"<p>En este sentido, la industria del sector cay\u00f3 un 4,8% respecto a igual mes de 2015 y s\u00f3lo un 18%<\/p>\n","protected":false},"author":1,"featured_media":2235,"comment_status":"closed","ping_status":"closed","sticky":false,"template":"","format":"standard","meta":{"kia_subtitle":"","footnotes":"","jetpack_publicize_message":"","jetpack_publicize_feature_enabled":true,"jetpack_social_post_already_shared":true,"jetpack_social_options":{"image_generator_settings":{"template":"highway","default_image_id":0,"font":"","enabled":false},"version":2}},"categories":[3,41],"tags":[],"class_list":["post-2234","post","type-post","status-publish","format-standard","has-post-thumbnail","hentry","category-actualidad","category-nacionales"],"jetpack_publicize_connections":[],"jetpack_featured_media_url":"https:\/\/laurbedigital.com.ar\/noticias\/wp-content\/uploads\/2016\/03\/20160326-nac1.jpg","_links":{"self":[{"href":"https:\/\/laurbedigital.com.ar\/noticias\/wp-json\/wp\/v2\/posts\/2234","targetHints":{"allow":["GET"]}}],"collection":[{"href":"https:\/\/laurbedigital.com.ar\/noticias\/wp-json\/wp\/v2\/posts"}],"about":[{"href":"https:\/\/laurbedigital.com.ar\/noticias\/wp-json\/wp\/v2\/types\/post"}],"author":[{"embeddable":true,"href":"https:\/\/laurbedigital.com.ar\/noticias\/wp-json\/wp\/v2\/users\/1"}],"replies":[{"embeddable":true,"href":"https:\/\/laurbedigital.com.ar\/noticias\/wp-json\/wp\/v2\/comments?post=2234"}],"version-history":[{"count":1,"href":"https:\/\/laurbedigital.com.ar\/noticias\/wp-json\/wp\/v2\/posts\/2234\/revisions"}],"predecessor-version":[{"id":2236,"href":"https:\/\/laurbedigital.com.ar\/noticias\/wp-json\/wp\/v2\/posts\/2234\/revisions\/2236"}],"wp:featuredmedia":[{"embeddable":true,"href":"https:\/\/laurbedigital.com.ar\/noticias\/wp-json\/wp\/v2\/media\/2235"}],"wp:attachment":[{"href":"https:\/\/laurbedigital.com.ar\/noticias\/wp-json\/wp\/v2\/media?parent=2234"}],"wp:term":[{"taxonomy":"category","embeddable":true,"href":"https:\/\/laurbedigital.com.ar\/noticias\/wp-json\/wp\/v2\/categories?post=2234"},{"taxonomy":"post_tag","embeddable":true,"href":"https:\/\/laurbedigital.com.ar\/noticias\/wp-json\/wp\/v2\/tags?post=2234"}],"curies":[{"name":"wp","href":"https:\/\/api.w.org\/{rel}","templated":true}]}}