{"id":22139,"date":"2020-02-04T21:48:09","date_gmt":"2020-02-05T00:48:09","guid":{"rendered":"https:\/\/laurbedigital.com.ar\/noticias\/?p=22139"},"modified":"2020-02-04T21:48:09","modified_gmt":"2020-02-05T00:48:09","slug":"iron-mountain-familiares-las-victimas-piden-reconocidos-querellantes","status":"publish","type":"post","link":"https:\/\/laurbedigital.com.ar\/noticias\/2020\/02\/04\/iron-mountain-familiares-las-victimas-piden-reconocidos-querellantes\/","title":{"rendered":"Iron Mountain: Familiares de las v\u00edctimas piden ser reconocidos como querellantes"},"content":{"rendered":"<p>&nbsp;<\/p>\n<h5>En el incendio en los dep\u00f3sitos de la empresa en Barracas, el 5 de febrero de 2014, murieron ocho bomberos y dos integrantes de Defensa Civil. La C\u00e1mara de Casaci\u00f3n Penal debe resolver si admite como querellantes a los familiares de las v\u00edctimas. En el juicio habr\u00e1 17 imputados.<\/h5>\n<p>La C\u00e1mara de Casaci\u00f3n Penal de la Naci\u00f3n resolver\u00e1, el pr\u00f3ximo 10 de febrero, si los familiares de las v\u00edctimas del incendio en la planta de Iron Mountain pueden o no ser reconocidos como querellantes en el juicio oral y p\u00fablico a los 17 imputados, explic\u00f3 hoy el abogado de las familias, Javier Moral.<\/p>\n<p>El letrado explic\u00f3 el estado actual en el que se encuentra la causa del siniestro al que denomin\u00f3 \u00abincendio pedido, como se llama en la jerga, cuando\u00a0<strong>las pericias claramente demuestran que fue a todas luces intencional<\/strong>\u00ab, expres\u00f3.<\/p>\n<p>\u00abDespu\u00e9s de una profunda batalla -precis\u00f3 Moral- las v\u00edctimas, a las cuales yo represento, logramos que la justicia de instrucci\u00f3n, junto con un trabajo intenso de la fiscal\u00eda, dicte el procesamiento de los 17 imputados. Encontr\u00e1ndolos responsables del delito, &#8216;estrago doloso seguido de muerte'\u00bb, precis\u00f3 el letrado en declaraciones a Radio Gr\u00e1fica.<\/p>\n<p>Sobre los imputados, Moral explic\u00f3 que \u00abprimero\u00a0<strong>fueron indagados 35 personas, de las cuales fueron procesadas 17<\/strong>. Entre las que tenemos al vigilador, una persona que en 9 oportunidades cort\u00f3 la alarma sistem\u00e1ticamente. Luego tenemos varios funcionarios del gobierno de la Ciudad, que extendieron una habilitaci\u00f3n a pesar de no contar con un certificado de operatividad y otras cuestiones que son b\u00e1sicas para que funcione una firma con este objeto en este lugar, y luego directivos de la Empresa quienes b\u00e1sicamente<strong>\u00a0no cumplieron con los requisitos que la ley exige como la carga de fuego<\/strong>, planes de contingencia, para que eventualmente no ocurriera lo que finalmente ocurri\u00f3\u00bb.<\/p>\n<p>El abogado dijo que \u00abeste es uno de los pocos casos en los cuales la justicia se hab\u00eda puesto los pantalones largos y hab\u00eda aceptado a las v\u00edctimas y a los familiares de las v\u00edctimas para que pudieran querellar, cuando generalmente los delitos de lavado de dinero est\u00e1n reservados a organismos como la UIF y la AFIP\u00bb.<\/p>\n<p>\u00abEn una situaci\u00f3n bastante extra\u00f1a -relat\u00f3 el abogado- la misma sala, pero con otra integraci\u00f3n, unos jueces con otra mirada, con un mes de diferencia, resuelve lo contrario, inhabilitando a los familiares a litigar contra los presuntos\u00a0<strong>responsables del incendio que le caus\u00f3 la muerte a ocho bomberos y dos integrantes de Defensa Civil<\/strong>, lo que motiv\u00f3 esta apelaci\u00f3n, este recurso casatorio ante el m\u00e1ximo tribunal penal de la naci\u00f3n\u00bb, dijo Moral.De ah\u00ed que el pr\u00f3ximo 10 de febrero sea considerada \u00abuna fecha clave\u00bb, por el abogado.<\/p>\n<p>La m\u00e1xima autoridad penal de la Naci\u00f3n \u00abescuchar\u00e1 los alegatos de la querella y deber\u00e1 resolver si los familiares de las v\u00edctimas pueden estar presentes en\u00a0<strong>el juicio oral y p\u00fablico que se les va dar a los funcionarios y a los dem\u00e1s directivos de la empresa\u00a0<\/strong>para que los podamos acusar, los puedan enjuiciar y eventualmente los puedan condenar\u00bb, indic\u00f3.<\/p>\n<p>Este martes, la ministra de Seguridad de la Naci\u00f3n, Sabrina Frederic, recib\u00eda a los familiares de las v\u00edctimas del incendio del dep\u00f3sito que la empresa Iron Mountain y ma\u00f1ana, 5 de febrero, fecha en el que se cumple el sexto aniversario de la tragedia, se realizar\u00e1 un acto en el santuario levantado sobre la calle Jovellanos, casi esquina Quinquela Mart\u00edn, donde funcionaba el dep\u00f3sito en el barrio porte\u00f1o de Barracas.<\/p>\n","protected":false},"excerpt":{"rendered":"<p>&nbsp; En el incendio en los dep\u00f3sitos de la empresa en Barracas, el 5 de febrero de 2014, murieron ocho<\/p>\n","protected":false},"author":1,"featured_media":22140,"comment_status":"closed","ping_status":"closed","sticky":false,"template":"","format":"standard","meta":{"kia_subtitle":"","footnotes":"","jetpack_publicize_message":"","jetpack_publicize_feature_enabled":true,"jetpack_social_post_already_shared":true,"jetpack_social_options":{"image_generator_settings":{"template":"highway","default_image_id":0,"font":"","enabled":false},"version":2}},"categories":[3],"tags":[2281],"class_list":["post-22139","post","type-post","status-publish","format-standard","has-post-thumbnail","hentry","category-actualidad","tag-iron-mountain"],"jetpack_publicize_connections":[],"jetpack_featured_media_url":"https:\/\/laurbedigital.com.ar\/noticias\/wp-content\/uploads\/2020\/02\/actualidad-iron-00005.jpg","_links":{"self":[{"href":"https:\/\/laurbedigital.com.ar\/noticias\/wp-json\/wp\/v2\/posts\/22139","targetHints":{"allow":["GET"]}}],"collection":[{"href":"https:\/\/laurbedigital.com.ar\/noticias\/wp-json\/wp\/v2\/posts"}],"about":[{"href":"https:\/\/laurbedigital.com.ar\/noticias\/wp-json\/wp\/v2\/types\/post"}],"author":[{"embeddable":true,"href":"https:\/\/laurbedigital.com.ar\/noticias\/wp-json\/wp\/v2\/users\/1"}],"replies":[{"embeddable":true,"href":"https:\/\/laurbedigital.com.ar\/noticias\/wp-json\/wp\/v2\/comments?post=22139"}],"version-history":[{"count":1,"href":"https:\/\/laurbedigital.com.ar\/noticias\/wp-json\/wp\/v2\/posts\/22139\/revisions"}],"predecessor-version":[{"id":22141,"href":"https:\/\/laurbedigital.com.ar\/noticias\/wp-json\/wp\/v2\/posts\/22139\/revisions\/22141"}],"wp:featuredmedia":[{"embeddable":true,"href":"https:\/\/laurbedigital.com.ar\/noticias\/wp-json\/wp\/v2\/media\/22140"}],"wp:attachment":[{"href":"https:\/\/laurbedigital.com.ar\/noticias\/wp-json\/wp\/v2\/media?parent=22139"}],"wp:term":[{"taxonomy":"category","embeddable":true,"href":"https:\/\/laurbedigital.com.ar\/noticias\/wp-json\/wp\/v2\/categories?post=22139"},{"taxonomy":"post_tag","embeddable":true,"href":"https:\/\/laurbedigital.com.ar\/noticias\/wp-json\/wp\/v2\/tags?post=22139"}],"curies":[{"name":"wp","href":"https:\/\/api.w.org\/{rel}","templated":true}]}}