{"id":22088,"date":"2020-02-03T14:29:37","date_gmt":"2020-02-03T17:29:37","guid":{"rendered":"https:\/\/laurbedigital.com.ar\/noticias\/?p=22088"},"modified":"2020-02-03T14:29:37","modified_gmt":"2020-02-03T17:29:37","slug":"tomar-cafe-podria-reducir-riesgo-sufrir-cancer-mama","status":"publish","type":"post","link":"https:\/\/laurbedigital.com.ar\/noticias\/2020\/02\/03\/tomar-cafe-podria-reducir-riesgo-sufrir-cancer-mama\/","title":{"rendered":"Tomar caf\u00e9 podr\u00eda reducir el riesgo de sufrir c\u00e1ncer de mama"},"content":{"rendered":"<p>&nbsp;<\/p>\n<h5>Un equipo de investigadores del CIBER de Obesidad y Nutrici\u00f3n (CIBEROBN) en la Universidad de Navarra han demostrado que el\u00a0<strong>consumo de caf\u00e9<\/strong>\u00a0podr\u00eda reducir el riesgo de desarrollar c\u00e1ncer de mama despu\u00e9s de la menopausia. El estudio ha sido publicado en el \u2018European Journal of Nutrition\u2019, y en \u00e9l han participado 10.812 mujeres del proyecto Seguimiento Universidad de Navarra.<\/h5>\n<p>&nbsp;<\/p>\n<p>Todas las mujeres aportaron informaci\u00f3n acerca de su historial m\u00e9dico y de su estilo de vida: tipo de trabajo, ejercicio f\u00edsico\u2026 Adem\u00e1s, la frecuencia de consumo de un total de 136 alimentos y bebidas como el caf\u00e9. Ninguna de las mujeres participantes sufr\u00eda\u00a0<strong>c\u00e1ncer de mama<\/strong>\u00a0al inicio de la investigaci\u00f3n.<\/p>\n<p>Todas fueron evaluadas durante 10 a\u00f1os, divididas en dos grupos: las que tomaban\u00a0<strong>m\u00e1s de una taza de caf\u00e9 al d\u00eda<\/strong>, y las que tomaban una taza o menos. En este periodo de tiempo se confirmaron 101 casos de c\u00e1ncer de mama.<\/p>\n<p>Los investigadores explican que, aunque no pueden confirmar la relaci\u00f3n entre el consumo de caf\u00e9 y el riesgo de sufrir\u00a0<strong>c\u00e1ncer de mama<\/strong>\u00a0a nivel global, s\u00ed pueden se\u00f1alar que tomar m\u00e1s de una taza de caf\u00e9 al d\u00eda se asocia a un menor riesgo de tener c\u00e1ncer en mujeres postmenop\u00e1usicas.<\/p>\n<p>El caf\u00e9 tiene\u00a0<strong>propiedades antitumorales, antiinflamatorias y antioxidantes<\/strong>\u00a0gracias a sustancias como los polifenoles o los \u00e1cidos clorog\u00e9nicos. Parece que la cafe\u00edna no tiene nada que ver.<\/p>\n<aside class=\"envoltorio-intext2\">\n<div id=\"intext2\" data-google-query-id=\"CI-Q0ozztecCFT8GuQYdFeMCGA\">\n<div id=\"google_ads_iframe_\/95562950\/okdiario.com\/articulo_intext2_0__container__\"><\/div>\n<\/div>\n<\/aside>\n<p><strong><span class=\"title2\">Los beneficios del caf\u00e9 para la salud<\/span><\/strong><\/p>\n<p>M\u00e1s all\u00e1 de reducir los\u00a0<strong>riesgos de sufrir c\u00e1ncer de mama<\/strong>, el caf\u00e9 ofrece grandes beneficios para la salud. Un estudio reciente ha confirmado que minimiza el riesgo de s\u00edndrome metab\u00f3lico y de enfermedad renal. Adem\u00e1s, los cient\u00edficos consideran que su consumo puede ayudar a luchar contra enfermedades degenerativas como el p\u00e1rkinson o el\u00a0alzh\u00e9imer.<\/p>\n","protected":false},"excerpt":{"rendered":"<p>&nbsp; Un equipo de investigadores del CIBER de Obesidad y Nutrici\u00f3n (CIBEROBN) en la Universidad de Navarra han demostrado que<\/p>\n","protected":false},"author":1,"featured_media":22089,"comment_status":"closed","ping_status":"closed","sticky":false,"template":"","format":"standard","meta":{"kia_subtitle":"","footnotes":"","jetpack_publicize_message":"","jetpack_publicize_feature_enabled":true,"jetpack_social_post_already_shared":true,"jetpack_social_options":{"image_generator_settings":{"template":"highway","default_image_id":0,"font":"","enabled":false},"version":2}},"categories":[15,70],"tags":[2273,2272,72],"class_list":["post-22088","post","type-post","status-publish","format-standard","has-post-thumbnail","hentry","category-tendencias","category-salud","tag-cafe","tag-cancer","tag-salud"],"jetpack_publicize_connections":[],"jetpack_featured_media_url":"https:\/\/laurbedigital.com.ar\/noticias\/wp-content\/uploads\/2020\/02\/3022020-tendecia-salud-cafe-podria-reducir-cancerl-0002.jpg","_links":{"self":[{"href":"https:\/\/laurbedigital.com.ar\/noticias\/wp-json\/wp\/v2\/posts\/22088","targetHints":{"allow":["GET"]}}],"collection":[{"href":"https:\/\/laurbedigital.com.ar\/noticias\/wp-json\/wp\/v2\/posts"}],"about":[{"href":"https:\/\/laurbedigital.com.ar\/noticias\/wp-json\/wp\/v2\/types\/post"}],"author":[{"embeddable":true,"href":"https:\/\/laurbedigital.com.ar\/noticias\/wp-json\/wp\/v2\/users\/1"}],"replies":[{"embeddable":true,"href":"https:\/\/laurbedigital.com.ar\/noticias\/wp-json\/wp\/v2\/comments?post=22088"}],"version-history":[{"count":1,"href":"https:\/\/laurbedigital.com.ar\/noticias\/wp-json\/wp\/v2\/posts\/22088\/revisions"}],"predecessor-version":[{"id":22090,"href":"https:\/\/laurbedigital.com.ar\/noticias\/wp-json\/wp\/v2\/posts\/22088\/revisions\/22090"}],"wp:featuredmedia":[{"embeddable":true,"href":"https:\/\/laurbedigital.com.ar\/noticias\/wp-json\/wp\/v2\/media\/22089"}],"wp:attachment":[{"href":"https:\/\/laurbedigital.com.ar\/noticias\/wp-json\/wp\/v2\/media?parent=22088"}],"wp:term":[{"taxonomy":"category","embeddable":true,"href":"https:\/\/laurbedigital.com.ar\/noticias\/wp-json\/wp\/v2\/categories?post=22088"},{"taxonomy":"post_tag","embeddable":true,"href":"https:\/\/laurbedigital.com.ar\/noticias\/wp-json\/wp\/v2\/tags?post=22088"}],"curies":[{"name":"wp","href":"https:\/\/api.w.org\/{rel}","templated":true}]}}