{"id":22,"date":"2016-01-05T04:39:20","date_gmt":"2016-01-05T04:39:20","guid":{"rendered":"http:\/\/laurbedigital.com.ar\/noticias\/?p=22"},"modified":"2016-01-05T20:11:18","modified_gmt":"2016-01-05T20:11:18","slug":"alejandro-patronelli-volvio-al-dakar-con-un-podio-tras-cuatro-anos-de-ausencia","status":"publish","type":"post","link":"https:\/\/laurbedigital.com.ar\/noticias\/2016\/01\/05\/alejandro-patronelli-volvio-al-dakar-con-un-podio-tras-cuatro-anos-de-ausencia\/","title":{"rendered":"Alejandro Patronelli volvi\u00f3 al Dakar con un podio tras cuatro a\u00f1os de ausencia"},"content":{"rendered":"<p>El mayor de los hermanos Patronelli, quien se hab\u00eda despedido del Dakar en Lima con su segundo campeonato bajo el brazo, complet\u00f3 la especial en 4h.14m.45s. y qued\u00f3 a 4m. del ganador del d\u00eda.<\/p>\n<p>El piloto de Las Flores Alejandro Patronelli (Yamaha), dos veces campe\u00f3n del Dakar en cuatriciclos, protagoniz\u00f3 un gran regreso al Rally que no corr\u00eda desde 2012, al situarse en el tercer escal\u00f3n del podio de la segunda etapa, que gan\u00f3 el chileno Ignacio Casele (Yamaha) escoltado por el sudafricano Brian Baragwanath (Yamaha).<\/p>\n<p>La etapa de hoy, entre Carlos Paz y Termas de R\u00edo Hondo, se disput\u00f3 sobre un tramo especial de 354 kil\u00f3metros, unos cien menos del recorrido trazado inicialmente ya que las fuertes lluvias ca\u00eddas ayer en C\u00f3rdoba y en Santiago del Estero anegaron el camino.<\/p>\n<p>El mayor de los hermanos Patronelli, quien se hab\u00eda despedido del Dakar en Lima con su segundo campeonato bajo el brazo, complet\u00f3 la especial en 4h.14m.45s. y qued\u00f3 a 4m. del ganador del d\u00eda.<\/p>\n<p>En tanto, Marcos Patronelli (Yamaha) arrib\u00f3 quinto a la meta a poco m\u00e1s de siete minutos de la punta tras sufrir un inconveniente mec\u00e1nico.<\/p>\n","protected":false},"excerpt":{"rendered":"<p>El mayor de los hermanos Patronelli, quien se hab\u00eda despedido del Dakar en Lima con su segundo campeonato bajo el<\/p>\n","protected":false},"author":1,"featured_media":34,"comment_status":"closed","ping_status":"closed","sticky":false,"template":"","format":"standard","meta":{"kia_subtitle":"","footnotes":"","jetpack_publicize_message":"","jetpack_publicize_feature_enabled":true,"jetpack_social_post_already_shared":false,"jetpack_social_options":{"image_generator_settings":{"template":"highway","default_image_id":0,"font":"","enabled":false},"version":2}},"categories":[27,4],"tags":[],"class_list":["post-22","post","type-post","status-publish","format-standard","has-post-thumbnail","hentry","category-dakar","category-deporte"],"jetpack_publicize_connections":[],"jetpack_featured_media_url":"https:\/\/laurbedigital.com.ar\/noticias\/wp-content\/uploads\/2016\/01\/20160104-dakar.jpg","_links":{"self":[{"href":"https:\/\/laurbedigital.com.ar\/noticias\/wp-json\/wp\/v2\/posts\/22","targetHints":{"allow":["GET"]}}],"collection":[{"href":"https:\/\/laurbedigital.com.ar\/noticias\/wp-json\/wp\/v2\/posts"}],"about":[{"href":"https:\/\/laurbedigital.com.ar\/noticias\/wp-json\/wp\/v2\/types\/post"}],"author":[{"embeddable":true,"href":"https:\/\/laurbedigital.com.ar\/noticias\/wp-json\/wp\/v2\/users\/1"}],"replies":[{"embeddable":true,"href":"https:\/\/laurbedigital.com.ar\/noticias\/wp-json\/wp\/v2\/comments?post=22"}],"version-history":[{"count":1,"href":"https:\/\/laurbedigital.com.ar\/noticias\/wp-json\/wp\/v2\/posts\/22\/revisions"}],"predecessor-version":[{"id":24,"href":"https:\/\/laurbedigital.com.ar\/noticias\/wp-json\/wp\/v2\/posts\/22\/revisions\/24"}],"wp:featuredmedia":[{"embeddable":true,"href":"https:\/\/laurbedigital.com.ar\/noticias\/wp-json\/wp\/v2\/media\/34"}],"wp:attachment":[{"href":"https:\/\/laurbedigital.com.ar\/noticias\/wp-json\/wp\/v2\/media?parent=22"}],"wp:term":[{"taxonomy":"category","embeddable":true,"href":"https:\/\/laurbedigital.com.ar\/noticias\/wp-json\/wp\/v2\/categories?post=22"},{"taxonomy":"post_tag","embeddable":true,"href":"https:\/\/laurbedigital.com.ar\/noticias\/wp-json\/wp\/v2\/tags?post=22"}],"curies":[{"name":"wp","href":"https:\/\/api.w.org\/{rel}","templated":true}]}}