{"id":21882,"date":"2020-01-28T15:40:48","date_gmt":"2020-01-28T18:40:48","guid":{"rendered":"https:\/\/laurbedigital.com.ar\/noticias\/?p=21882"},"modified":"2020-02-15T17:26:27","modified_gmt":"2020-02-15T20:26:27","slug":"municipio-alte-brown-informo-comenzo-la-inscripcion-fines-2020","status":"publish","type":"post","link":"https:\/\/laurbedigital.com.ar\/noticias\/2020\/01\/28\/municipio-alte-brown-informo-comenzo-la-inscripcion-fines-2020\/","title":{"rendered":"El Municipio de Alte Brown inform\u00f3 que comenz\u00f3 la inscripci\u00f3n para el FinEs 2020"},"content":{"rendered":"<p>&nbsp;<\/p>\n<h5>El Municipio de Almirante Brown inform\u00f3 que se encuentra abierta la inscripci\u00f3n para el plan Fines 2020 e incit\u00f3 a participar de este programa de inclusi\u00f3n educativa.<\/h5>\n<p><strong>Durante los meses de enero, febrero y hasta el inicio de clases se encontrar\u00e1 abierta la inscripci\u00f3n<\/strong> para todos aquellos que quieran completar su escolaridad en el distrito, a trav\u00e9s del programa de finalizaci\u00f3n de estudios primarios y secundarios.<\/p>\n<p>Dicho plan, promovido por el estado nacional, brinda el apoyo y herramientas necesarios para que j\u00f3venes mayores de 18 a\u00f1os y adultos que no hayan terminado sus estudios,\u00a0 puedan hacerlo.<\/p>\n<p>En Almirante Brown la propuesta es impulsada desde la Secretaria de Educaci\u00f3n de la Comuna, y desde su puesta en marcha en 2010, ha conseguido que miles de brownianos puedan acceder a la ense\u00f1anza.<\/p>\n<p>Los interesados en <strong>inscribirse<\/strong> podr\u00e1n hacerlo de<strong> 9 a 13 hs<\/strong>. en la <strong>Casa Municipal de la Cultura<\/strong> &#8211; ubicada en <strong>Esteban Adrogu\u00e9 1224<\/strong> de la ciudad de Adrogu\u00e9- 2\u00ba Piso.<\/p>\n<p>Para dicho tr\u00e1mite deber\u00e1n presentar: <strong>Fotocopia de la partida de nacimiento y del DNI, certificados de estudios y CUIL.<\/strong><\/p>\n<p>Para m\u00e1s <strong>informes<\/strong> comunicarse al <strong>tel\u00e9fono 5034-6216<\/strong>, o consultar a trav\u00e9s del <strong>correo<\/strong> <a href=\"mailto:educacionpopularbrown@gmail.com\">educacionpopularbrown@gmail.com<\/a>.<\/p>\n","protected":false},"excerpt":{"rendered":"<p>&nbsp; El Municipio de Almirante Brown inform\u00f3 que se encuentra abierta la inscripci\u00f3n para el plan Fines 2020 e incit\u00f3<\/p>\n","protected":false},"author":1,"featured_media":21886,"comment_status":"closed","ping_status":"closed","sticky":false,"template":"","format":"standard","meta":{"kia_subtitle":"","footnotes":"","jetpack_publicize_message":"","jetpack_publicize_feature_enabled":true,"jetpack_social_post_already_shared":true,"jetpack_social_options":{"image_generator_settings":{"template":"highway","default_image_id":0,"font":"","enabled":false},"version":2}},"categories":[66,33],"tags":[129,612,204],"class_list":["post-21882","post","type-post","status-publish","format-standard","has-post-thumbnail","hentry","category-interes-2","category-alte-brown-alte-brown","tag-almirante-brown","tag-egresados-plan-fines-alte-brown","tag-fines"],"jetpack_publicize_connections":[],"jetpack_featured_media_url":"https:\/\/laurbedigital.com.ar\/noticias\/wp-content\/uploads\/2020\/01\/20200128-brown-terminar-secundario-00003.jpg","_links":{"self":[{"href":"https:\/\/laurbedigital.com.ar\/noticias\/wp-json\/wp\/v2\/posts\/21882","targetHints":{"allow":["GET"]}}],"collection":[{"href":"https:\/\/laurbedigital.com.ar\/noticias\/wp-json\/wp\/v2\/posts"}],"about":[{"href":"https:\/\/laurbedigital.com.ar\/noticias\/wp-json\/wp\/v2\/types\/post"}],"author":[{"embeddable":true,"href":"https:\/\/laurbedigital.com.ar\/noticias\/wp-json\/wp\/v2\/users\/1"}],"replies":[{"embeddable":true,"href":"https:\/\/laurbedigital.com.ar\/noticias\/wp-json\/wp\/v2\/comments?post=21882"}],"version-history":[{"count":2,"href":"https:\/\/laurbedigital.com.ar\/noticias\/wp-json\/wp\/v2\/posts\/21882\/revisions"}],"predecessor-version":[{"id":21888,"href":"https:\/\/laurbedigital.com.ar\/noticias\/wp-json\/wp\/v2\/posts\/21882\/revisions\/21888"}],"wp:featuredmedia":[{"embeddable":true,"href":"https:\/\/laurbedigital.com.ar\/noticias\/wp-json\/wp\/v2\/media\/21886"}],"wp:attachment":[{"href":"https:\/\/laurbedigital.com.ar\/noticias\/wp-json\/wp\/v2\/media?parent=21882"}],"wp:term":[{"taxonomy":"category","embeddable":true,"href":"https:\/\/laurbedigital.com.ar\/noticias\/wp-json\/wp\/v2\/categories?post=21882"},{"taxonomy":"post_tag","embeddable":true,"href":"https:\/\/laurbedigital.com.ar\/noticias\/wp-json\/wp\/v2\/tags?post=21882"}],"curies":[{"name":"wp","href":"https:\/\/api.w.org\/{rel}","templated":true}]}}