{"id":21805,"date":"2020-01-24T12:49:35","date_gmt":"2020-01-24T15:49:35","guid":{"rendered":"https:\/\/laurbedigital.com.ar\/noticias\/?p=21805"},"modified":"2020-01-24T12:49:35","modified_gmt":"2020-01-24T15:49:35","slug":"gobierno-bonaerense-lanzo-la-campana-veranoparatodes","status":"publish","type":"post","link":"https:\/\/laurbedigital.com.ar\/noticias\/2020\/01\/24\/gobierno-bonaerense-lanzo-la-campana-veranoparatodes\/","title":{"rendered":"El gobierno bonaerense lanz\u00f3 la campa\u00f1a #VeranoParaTodes"},"content":{"rendered":"<p>&nbsp;<\/p>\n<h5>En Villa Gesell, la ministra de las Mujeres, Pol\u00edticas de G\u00e9nero y Diversidad Sexual, Estela D\u00edaz, present\u00f3 una campa\u00f1a de prevenci\u00f3n del acoso y el abuso sexual que se extender\u00e1 a otras playas bonaerenses, medios de comunicaci\u00f3n y redes sociales.<\/h5>\n<p>El Ministerio de las Mujeres, Pol\u00edticas de G\u00e9nero y Diversidad Sexual lanz\u00f3 la Campa\u00f1a #VeranoParaTodes de prevenci\u00f3n del acoso y el abuso sexual, que se extender\u00e1 a los centros tur\u00edsticos de la costa bonaerense en el marco del Operativo Sol.<\/p>\n<p>El acto de presentaci\u00f3n se realiz\u00f3 en Villa Gesell, donde la ministra Estela D\u00edaz remarc\u00f3 que la iniciativa \u201ccontribuye a la prevenci\u00f3n de la discriminaci\u00f3n y la violencia, y apuesta a la reivindicaci\u00f3n de la solidaridad y el disfrute\u201d.<\/p>\n<p>\u201cEstamos viviendo momentos muy atravesados por el dolor a partir de la dram\u00e1tica situaci\u00f3n que se vivi\u00f3 en Villa Gesell. Toda mi solidaridad con la familia y amigos de Fernando B\u00e1ez Sosa. Es muy doloroso lo que pasa, son esas situaciones que nos tienen que hacer reflexionar muy profundo\u201d, consider\u00f3 D\u00edaz<\/p>\n<p>Con distintas piezas gr\u00e1ficas, spots, folletos y un jingle musical, la campa\u00f1a se difundir\u00e1 en medios de comunicaci\u00f3n y redes sociales.El material ser\u00e1 distribuido en stands llamados Puntos de G\u00e9nero en Villa Gesell, Mar del Plata y Punta Lara, a los que se luego se sumar\u00e1n otros centros veraniegos.<\/p>\n<p>En los Puntos G\u00e9nero, promotoras formadas en acompa\u00f1amiento en violencia repartir\u00e1n material bajo el lema #AlAcosoNiCabida, que brinda ejemplos -con texto y dibujos ilustrativos- sobre acoso verbal y f\u00edsico, e informaci\u00f3n sobre la L\u00ednea 144 y las distintas alternativas de contenci\u00f3n que brinda el Estado.<\/p>\n<p>Adem\u00e1s, en esos Puntos se realizar\u00e1n actividades culturales con el objetivo de fomentar el derecho a la diversi\u00f3n sin estereotipos y desnaturalizar las actitudes violentas en la playa.<\/p>\n<p>La campa\u00f1a tambi\u00e9n prev\u00e9 un trabajo con la nocturnidad que va a empezar en febrero en Villa Gesell para brindar capacitaci\u00f3n al personal de bares y boliches con el fin de crear herramientas de intervenci\u00f3n ante situaciones de violencia, acoso y abuso.<\/p>\n<p>\u00abLa idea es generar dispositivos de prevenci\u00f3n en un acuerdo entre el Estado y el sector privado, con los empresarios, lo que nosotras llamamos un sello de calidad en igualdad de g\u00e9nero y prevenci\u00f3n de la violencia\u201d, explic\u00f3 D\u00edaz.La campa\u00f1a har\u00e1 foco en el consentimiento en los v\u00ednculos y en fomentar masculinidades no violentas.<\/p>\n<p>&nbsp;<\/p>\n","protected":false},"excerpt":{"rendered":"<p>&nbsp; En Villa Gesell, la ministra de las Mujeres, Pol\u00edticas de G\u00e9nero y Diversidad Sexual, Estela D\u00edaz, present\u00f3 una campa\u00f1a<\/p>\n","protected":false},"author":1,"featured_media":21806,"comment_status":"closed","ping_status":"closed","sticky":false,"template":"","format":"standard","meta":{"kia_subtitle":"","footnotes":"","jetpack_publicize_message":"","jetpack_publicize_feature_enabled":true,"jetpack_social_post_already_shared":true,"jetpack_social_options":{"image_generator_settings":{"template":"highway","default_image_id":0,"font":"","enabled":false},"version":2}},"categories":[3,56],"tags":[],"class_list":["post-21805","post","type-post","status-publish","format-standard","has-post-thumbnail","hentry","category-actualidad","category-buenos-aires"],"jetpack_publicize_connections":[],"jetpack_featured_media_url":"https:\/\/laurbedigital.com.ar\/noticias\/wp-content\/uploads\/2020\/01\/20200124-actualidad-veranoparatodes-00004.jpg","_links":{"self":[{"href":"https:\/\/laurbedigital.com.ar\/noticias\/wp-json\/wp\/v2\/posts\/21805","targetHints":{"allow":["GET"]}}],"collection":[{"href":"https:\/\/laurbedigital.com.ar\/noticias\/wp-json\/wp\/v2\/posts"}],"about":[{"href":"https:\/\/laurbedigital.com.ar\/noticias\/wp-json\/wp\/v2\/types\/post"}],"author":[{"embeddable":true,"href":"https:\/\/laurbedigital.com.ar\/noticias\/wp-json\/wp\/v2\/users\/1"}],"replies":[{"embeddable":true,"href":"https:\/\/laurbedigital.com.ar\/noticias\/wp-json\/wp\/v2\/comments?post=21805"}],"version-history":[{"count":1,"href":"https:\/\/laurbedigital.com.ar\/noticias\/wp-json\/wp\/v2\/posts\/21805\/revisions"}],"predecessor-version":[{"id":21807,"href":"https:\/\/laurbedigital.com.ar\/noticias\/wp-json\/wp\/v2\/posts\/21805\/revisions\/21807"}],"wp:featuredmedia":[{"embeddable":true,"href":"https:\/\/laurbedigital.com.ar\/noticias\/wp-json\/wp\/v2\/media\/21806"}],"wp:attachment":[{"href":"https:\/\/laurbedigital.com.ar\/noticias\/wp-json\/wp\/v2\/media?parent=21805"}],"wp:term":[{"taxonomy":"category","embeddable":true,"href":"https:\/\/laurbedigital.com.ar\/noticias\/wp-json\/wp\/v2\/categories?post=21805"},{"taxonomy":"post_tag","embeddable":true,"href":"https:\/\/laurbedigital.com.ar\/noticias\/wp-json\/wp\/v2\/tags?post=21805"}],"curies":[{"name":"wp","href":"https:\/\/api.w.org\/{rel}","templated":true}]}}