{"id":21512,"date":"2020-01-14T11:29:10","date_gmt":"2020-01-14T14:29:10","guid":{"rendered":"http:\/\/laurbedigital.com.ar\/noticias\/?p=21512"},"modified":"2020-01-14T11:29:10","modified_gmt":"2020-01-14T14:29:10","slug":"glew-una-las-localidades-consideradas-cuna-del-arte-2","status":"publish","type":"post","link":"https:\/\/laurbedigital.com.ar\/noticias\/2020\/01\/14\/glew-una-las-localidades-consideradas-cuna-del-arte-2\/","title":{"rendered":"Glew: una de las localidades consideradas cuna del arte"},"content":{"rendered":"<header class=\"entry-header\">\n<h1><\/h1>\n<h4 class=\"entry-title\"><span style=\"font-size: 16px;\">Glew es una de las localidades m\u00e1s importantes del distrito, que guarda con recelo grandes obras de arte, para que sus vecinos puedan disfrutar.<\/span><\/h4>\n<\/header>\n<div class=\"entry-content clearfix\">\n<p>La localidad se encuentra dividida en los barrios de Almafuerte, Centro,\u00a0El Castillo, El Telepostal, El Progreso, Gendarmer\u00eda, Gorriti, Ipona, Kanmar, Las Calandrias, Los \u00c1lamos, Los Aromos, Parque Roma, Santa Ana,\u00a0UOCRA, UPCN y\u00a0Villa Par\u00eds,<\/p>\n<p>Constituida principalmente por tierras denominadas llanos, carentes de formaciones elevadas notorias, se alza la localidad hoy conocida por el nombre de Glew, que guarda dentro de si los suspiros de uno de los artistas m\u00e1s importantes que pis\u00f3 las calles del distrito: Ra\u00fal Soldi . Sus tierras son aptas para el cultivo y la cr\u00eda de ganado. El suelo es rico en minerales y las napas se encuentran a poca distancia de la superficie, lo que facilita la extracci\u00f3n de agua. En sus or\u00edgenes las aguas eran aptas para el consumo humano, pero debido al constante crecimiento de la poblaci\u00f3n fueron contamin\u00e1ndose, quedando s\u00f3lo algunas regiones con aguas puras.<\/p>\n<p>La localidad fue una vez cambiada de nombre a Cambaceres, en honor al legislador fallecido; pero como lo demuestra la actualidad, esa iniciativa no dur\u00f3 y regres\u00f3 a su anterior denominaci\u00f3n.<\/p>\n<p>En 1857 don Juan Glew, adquiri\u00f3 las tierras de la localidad que hoy lleva su nombre. El lugar comenz\u00f3 a conocerse como \u201cEstancia de Juan Glew\u201d, que estar\u00eda ubicada en lo es actualmente la calle Avellaneda, con cuatro puestos de colonos llamados: Centinela, Tacuaremb\u00f3, Chuquisaca y Omb\u00fa.<\/p>\n<p>El Camino Real, que en sus or\u00edgenes pasaba por Rivadavia, pas\u00f3 a ser la Ruta 210. El pueblo de San Vicente figuraba como zona rural.<\/p>\n<p>Juan Glew edifica en Avellaneda y Moreno, frente a la estaci\u00f3n, el primer almac\u00e9n de ramos generales y vende parte de las tierras al Ferrocarril del Sud. Esa venta fue reglada en dicha fecha ante el escribano Francisco Castelloti por un precio total de 8000 pesos. En marzo de 1865, don Juan Glew don\u00f3 un terreno de su propiedad para las v\u00edas y la estaci\u00f3n del futuro Ferrocarril Sud.<\/p>\n<p>Desaparecido don Juan Glew, la vieja estancia fue alcanzada por el progreso con la entrada de las v\u00edas del ferrocarril y se fue dividiendo en las parcelas que dieron origen al pueblo. Sus descendientes dividieron el campo heredado y se adjudicaron distintas fracciones. Una parte del campo dio origen a la primera formaci\u00f3n del pueblo, hoy llamado \u201cPueblo Viejo\u201d comprendido entre las v\u00edas del ferrocarril y del camino general a la Capital Federal (ruta provincial 210). Esta fracci\u00f3n de terreno apareci\u00f3 con el nombre de \u201cPueblo de Cambaceres\u201d despu\u00e9s del fallecimiento del legislador Antonio Cambaceres, vinculado al lugar por su establecimiento de campo, pr\u00f3ximo al pueblo. Es probable que, en homenaje al legislador, los martilleros denominaron con su nombre los terrenos que lotearon.<\/p>\n<p>Al transcurrir los a\u00f1os, la estancia de J. Glew se fue transformando en un conjunto de chacras y tambos, gracias al trabajo de esforzados hombres afincados en el lugar, como don Jacinto Calvo.<\/p>\n<p>A\u00f1os despu\u00e9s, los terrenos ubicados al este de las v\u00edas del tren, dieron origen al llamado \u201cPueblo Nuevo de Glew\u201d. El nuevo pueblo crece poco a poco, m\u00e1s comercial, va aumentando la poblaci\u00f3n y con ello la necesidad de fundar escuelas. Sarmiento firm\u00f3 el edicto para la fundaci\u00f3n de la Escuela N\u00ba 4 en Ministro Rivadavia, y en 1905, se traslad\u00f3 a Glew.<\/p>\n<\/div>\n","protected":false},"excerpt":{"rendered":"<p>Glew es una de las localidades m\u00e1s importantes del distrito, que guarda con recelo grandes obras de arte, para que<\/p>\n","protected":false},"author":1,"featured_media":21513,"comment_status":"closed","ping_status":"closed","sticky":false,"template":"","format":"standard","meta":{"kia_subtitle":"","footnotes":"","jetpack_publicize_message":"","jetpack_publicize_feature_enabled":true,"jetpack_social_post_already_shared":true,"jetpack_social_options":{"image_generator_settings":{"template":"highway","default_image_id":0,"font":"","enabled":false},"version":2}},"categories":[5],"tags":[],"class_list":["post-21512","post","type-post","status-publish","format-standard","has-post-thumbnail","hentry","category-cultura"],"jetpack_publicize_connections":[],"jetpack_featured_media_url":"https:\/\/laurbedigital.com.ar\/noticias\/wp-content\/uploads\/2020\/01\/20200114-cultura-arte-glew-soldi-00001.jpg","_links":{"self":[{"href":"https:\/\/laurbedigital.com.ar\/noticias\/wp-json\/wp\/v2\/posts\/21512","targetHints":{"allow":["GET"]}}],"collection":[{"href":"https:\/\/laurbedigital.com.ar\/noticias\/wp-json\/wp\/v2\/posts"}],"about":[{"href":"https:\/\/laurbedigital.com.ar\/noticias\/wp-json\/wp\/v2\/types\/post"}],"author":[{"embeddable":true,"href":"https:\/\/laurbedigital.com.ar\/noticias\/wp-json\/wp\/v2\/users\/1"}],"replies":[{"embeddable":true,"href":"https:\/\/laurbedigital.com.ar\/noticias\/wp-json\/wp\/v2\/comments?post=21512"}],"version-history":[{"count":1,"href":"https:\/\/laurbedigital.com.ar\/noticias\/wp-json\/wp\/v2\/posts\/21512\/revisions"}],"predecessor-version":[{"id":21514,"href":"https:\/\/laurbedigital.com.ar\/noticias\/wp-json\/wp\/v2\/posts\/21512\/revisions\/21514"}],"wp:featuredmedia":[{"embeddable":true,"href":"https:\/\/laurbedigital.com.ar\/noticias\/wp-json\/wp\/v2\/media\/21513"}],"wp:attachment":[{"href":"https:\/\/laurbedigital.com.ar\/noticias\/wp-json\/wp\/v2\/media?parent=21512"}],"wp:term":[{"taxonomy":"category","embeddable":true,"href":"https:\/\/laurbedigital.com.ar\/noticias\/wp-json\/wp\/v2\/categories?post=21512"},{"taxonomy":"post_tag","embeddable":true,"href":"https:\/\/laurbedigital.com.ar\/noticias\/wp-json\/wp\/v2\/tags?post=21512"}],"curies":[{"name":"wp","href":"https:\/\/api.w.org\/{rel}","templated":true}]}}