{"id":21475,"date":"2020-01-13T15:11:15","date_gmt":"2020-01-13T18:11:15","guid":{"rendered":"http:\/\/laurbedigital.com.ar\/noticias\/?p=21475"},"modified":"2020-01-14T00:46:03","modified_gmt":"2020-01-14T03:46:03","slug":"joven-esta-grave-estado-tras-asfixiarse-inmersion-la-pileta-racing-club","status":"publish","type":"post","link":"https:\/\/laurbedigital.com.ar\/noticias\/2020\/01\/13\/joven-esta-grave-estado-tras-asfixiarse-inmersion-la-pileta-racing-club\/","title":{"rendered":"Un joven est\u00e1 grave estado tras asfixiarse por inmersi\u00f3n en la pileta de Racing Club"},"content":{"rendered":"<p>&nbsp;<\/p>\n<h4>El joven de 21 a\u00f1os fue rescatado por los guardavidas y fue derivado al Hospital Fiorito con signos de \u00abasfixia por inmersi\u00f3n\u00bb. Se encontraba \u00abgrave, con el pulso d\u00e9bil y en estado de inconsciencia\u00bb.<\/h4>\n<p>El incidente se produjo en horas de la tarde del domingo, en el complejo aleda\u00f1o al estadio <strong>\u00abEl Cilindro\u00bb.\u00a0<\/strong>El muchacho, mientras compet\u00eda con amigos carreras de nado en la pileta de saltos ornamentales, qued\u00f3 en el fondo, a seis metros de profundidad, sin reaccionar.<\/p>\n<p>La situaci\u00f3n fue observada por <strong>un ba\u00f1ero que se arroj\u00f3 a la pileta, rescat\u00f3 al joven y se le realiz\u00f3 ejercicios de reanimaci\u00f3n RCP\u00a0cuando vio que el muchacho se estaba ahogando.<\/strong><\/p>\n<p>Enseguida y ante la mirada de otros ba\u00f1istas, el joven fue llevado de urgencia al Hospital Fiorito, de Avellaneda, con signos de <strong>\u00abasfixia por inmersi\u00f3n\u00bb.<\/strong><\/p>\n<p>Seg\u00fan indicaron fuentes policiales, el joven, que hab\u00eda asistido a la pileta con un hermano y un amigo, se encontraba \u00ab<strong>grave, con el pulso d\u00e9bil y en estado de inconsciencia\u00bb.<\/strong><\/p>\n<p>&nbsp;<\/p>\n","protected":false},"excerpt":{"rendered":"<p>&nbsp; El joven de 21 a\u00f1os fue rescatado por los guardavidas y fue derivado al Hospital Fiorito con signos de<\/p>\n","protected":false},"author":1,"featured_media":21476,"comment_status":"closed","ping_status":"closed","sticky":false,"template":"","format":"standard","meta":{"kia_subtitle":"","footnotes":"","jetpack_publicize_message":"","jetpack_publicize_feature_enabled":true,"jetpack_social_post_already_shared":true,"jetpack_social_options":{"image_generator_settings":{"template":"highway","default_image_id":0,"font":"","enabled":false},"version":2}},"categories":[13,20],"tags":[],"class_list":["post-21475","post","type-post","status-publish","format-standard","has-post-thumbnail","hentry","category-region","category-avellaneda"],"jetpack_publicize_connections":[],"jetpack_featured_media_url":"https:\/\/laurbedigital.com.ar\/noticias\/wp-content\/uploads\/2020\/01\/20200113-region-racing-avellaneda.jpg","_links":{"self":[{"href":"https:\/\/laurbedigital.com.ar\/noticias\/wp-json\/wp\/v2\/posts\/21475","targetHints":{"allow":["GET"]}}],"collection":[{"href":"https:\/\/laurbedigital.com.ar\/noticias\/wp-json\/wp\/v2\/posts"}],"about":[{"href":"https:\/\/laurbedigital.com.ar\/noticias\/wp-json\/wp\/v2\/types\/post"}],"author":[{"embeddable":true,"href":"https:\/\/laurbedigital.com.ar\/noticias\/wp-json\/wp\/v2\/users\/1"}],"replies":[{"embeddable":true,"href":"https:\/\/laurbedigital.com.ar\/noticias\/wp-json\/wp\/v2\/comments?post=21475"}],"version-history":[{"count":2,"href":"https:\/\/laurbedigital.com.ar\/noticias\/wp-json\/wp\/v2\/posts\/21475\/revisions"}],"predecessor-version":[{"id":21478,"href":"https:\/\/laurbedigital.com.ar\/noticias\/wp-json\/wp\/v2\/posts\/21475\/revisions\/21478"}],"wp:featuredmedia":[{"embeddable":true,"href":"https:\/\/laurbedigital.com.ar\/noticias\/wp-json\/wp\/v2\/media\/21476"}],"wp:attachment":[{"href":"https:\/\/laurbedigital.com.ar\/noticias\/wp-json\/wp\/v2\/media?parent=21475"}],"wp:term":[{"taxonomy":"category","embeddable":true,"href":"https:\/\/laurbedigital.com.ar\/noticias\/wp-json\/wp\/v2\/categories?post=21475"},{"taxonomy":"post_tag","embeddable":true,"href":"https:\/\/laurbedigital.com.ar\/noticias\/wp-json\/wp\/v2\/tags?post=21475"}],"curies":[{"name":"wp","href":"https:\/\/api.w.org\/{rel}","templated":true}]}}