{"id":2146,"date":"2016-03-22T23:51:17","date_gmt":"2016-03-23T02:51:17","guid":{"rendered":"http:\/\/laurbedigital.com.ar\/noticias\/?p=2146"},"modified":"2016-03-22T23:51:17","modified_gmt":"2016-03-23T02:51:17","slug":"reconstruyen-con-mas-de-treinta-camaras-el-recital-completo-del-indio-solari","status":"publish","type":"post","link":"https:\/\/laurbedigital.com.ar\/noticias\/2016\/03\/22\/reconstruyen-con-mas-de-treinta-camaras-el-recital-completo-del-indio-solari\/","title":{"rendered":"Reconstruyen con m\u00e1s de treinta c\u00e1maras el recital completo del Indio Solari"},"content":{"rendered":"<p>El sitio Redondos Subtitulados recre\u00f3 el inolvidable show completo que el ex Redondos dio en Tandil.<\/p>\n<p><span class=\"texto_noticia\">Para ello, compagin\u00f3 tema por tema los videos que los ricoteros subieron a las webs.<\/span><\/p>\n<p>Es una costumbre de las webs ricoteras. En esta otra oportunidad, luego de la inolvidable misa de Tandil, el sitio Redondos Subtitulados, recre\u00f3 el recital complet\u00f3 con m\u00e1s de treinta c\u00e1maras que los fan\u00e1ticos subieron a la red.<\/p>\n<p>La \u00abpel\u00edcula\u00bb completa contiene la confesi\u00f3n del Indio sobre su enfermedad y los 27 temas que hizo con su banda, Los Fundamentalistas del Aire Acondicionado, incluido el fallido comienzo de Barba Azul, que Solari no hizo porque le tiraba zapatillas.<\/p>\n<div class=\"jetpack-video-wrapper\">\n<div class=\"fitvids-video\"><iframe loading=\"lazy\" width=\"800\" height=\"450\" src=\"https:\/\/www.youtube.com\/embed\/zI_vX2BkvDc?feature=oembed\" frameborder=\"0\" allow=\"accelerometer; autoplay; encrypted-media; gyroscope; picture-in-picture\" allowfullscreen><\/iframe><\/div>\n<\/div>\n","protected":false},"excerpt":{"rendered":"<p>El sitio Redondos Subtitulados recre\u00f3 el inolvidable show completo que el ex Redondos dio en Tandil. Para ello, compagin\u00f3 tema<\/p>\n","protected":false},"author":1,"featured_media":2147,"comment_status":"closed","ping_status":"closed","sticky":false,"template":"","format":"standard","meta":{"kia_subtitle":"","footnotes":"","jetpack_publicize_message":"","jetpack_publicize_feature_enabled":true,"jetpack_social_post_already_shared":true,"jetpack_social_options":{"image_generator_settings":{"template":"highway","default_image_id":0,"font":"","enabled":false},"version":2}},"categories":[5,29],"tags":[],"class_list":["post-2146","post","type-post","status-publish","format-standard","has-post-thumbnail","hentry","category-cultura","category-musica"],"jetpack_publicize_connections":[],"jetpack_featured_media_url":"https:\/\/laurbedigital.com.ar\/noticias\/wp-content\/uploads\/2016\/03\/201603222-espectaculo.jpg","_links":{"self":[{"href":"https:\/\/laurbedigital.com.ar\/noticias\/wp-json\/wp\/v2\/posts\/2146","targetHints":{"allow":["GET"]}}],"collection":[{"href":"https:\/\/laurbedigital.com.ar\/noticias\/wp-json\/wp\/v2\/posts"}],"about":[{"href":"https:\/\/laurbedigital.com.ar\/noticias\/wp-json\/wp\/v2\/types\/post"}],"author":[{"embeddable":true,"href":"https:\/\/laurbedigital.com.ar\/noticias\/wp-json\/wp\/v2\/users\/1"}],"replies":[{"embeddable":true,"href":"https:\/\/laurbedigital.com.ar\/noticias\/wp-json\/wp\/v2\/comments?post=2146"}],"version-history":[{"count":1,"href":"https:\/\/laurbedigital.com.ar\/noticias\/wp-json\/wp\/v2\/posts\/2146\/revisions"}],"predecessor-version":[{"id":2148,"href":"https:\/\/laurbedigital.com.ar\/noticias\/wp-json\/wp\/v2\/posts\/2146\/revisions\/2148"}],"wp:featuredmedia":[{"embeddable":true,"href":"https:\/\/laurbedigital.com.ar\/noticias\/wp-json\/wp\/v2\/media\/2147"}],"wp:attachment":[{"href":"https:\/\/laurbedigital.com.ar\/noticias\/wp-json\/wp\/v2\/media?parent=2146"}],"wp:term":[{"taxonomy":"category","embeddable":true,"href":"https:\/\/laurbedigital.com.ar\/noticias\/wp-json\/wp\/v2\/categories?post=2146"},{"taxonomy":"post_tag","embeddable":true,"href":"https:\/\/laurbedigital.com.ar\/noticias\/wp-json\/wp\/v2\/tags?post=2146"}],"curies":[{"name":"wp","href":"https:\/\/api.w.org\/{rel}","templated":true}]}}