{"id":21391,"date":"2020-01-09T22:04:00","date_gmt":"2020-01-10T01:04:00","guid":{"rendered":"http:\/\/laurbedigital.com.ar\/noticias\/?p=21391"},"modified":"2020-01-09T22:09:17","modified_gmt":"2020-01-10T01:09:17","slug":"florencio-varela-filman-policia-asistia-lengua-senas-pareja-hipoacusica","status":"publish","type":"post","link":"https:\/\/laurbedigital.com.ar\/noticias\/2020\/01\/09\/florencio-varela-filman-policia-asistia-lengua-senas-pareja-hipoacusica\/","title":{"rendered":"Florencio Varela: filman a un polic\u00eda que asist\u00eda con lengua de se\u00f1as a pareja hipoac\u00fasica"},"content":{"rendered":"<div class=\"td-post-content\">\n<div class=\"td-post-content\">\n<p>Las redes se llenaron de elogios para\u00a0<strong>un agente de la Polic\u00eda Local de Florencio Varela<\/strong>\u00a0que fue filmado mientras\u00a0<strong>realizaba indicaciones en lengua de se\u00f1as a dos personas con discapacidad auditiva<\/strong>, informa Datajudicial.com.ar.<\/p>\n<p>\u00ab<strong>\u00c9l es el oficial de polic\u00eda Per\u00f3n de la UPPL de Florencio Varela<\/strong>. Hoy vi un video donde, con lenguaje de se\u00f1as,\u00a0 guiaba a estas dos personas hipoac\u00fasicas. Es digno de compartir y felicitar&#8230;\u00a0<strong>Esto s\u00ed es un lenguaje inclusivo<\/strong>&#8230; Felicitaciones, camarada. Sent\u00ed profunda admiraci\u00f3n por ti\u00bb, expres\u00f3 en\u00a0Facebook\u00a0la agente Andrea Camet.<\/p>\n<p><iframe loading=\"lazy\" style=\"border: none; overflow: hidden;\" src=\"https:\/\/www.facebook.com\/plugins\/video.php?href=https%3A%2F%2Fwww.facebook.com%2Fandrea.carnet%2Fvideos%2F2653012214791119%2F&amp;show_text=0&amp;width=476\" width=\"476\" height=\"476\" frameborder=\"0\" scrolling=\"no\" allowfullscreen=\"allowfullscreen\"><\/iframe><\/p>\n<p>El v\u00eddeo, por lo que se puede visualizar, se habr\u00eda producido en la intersecci\u00f3n de la peatonal Monteagudo y Sallares,\u00a0 en el centro de Florencio Varela.\n<\/p><\/div>\n<\/div>\n","protected":false},"excerpt":{"rendered":"<p>Las redes se llenaron de elogios para\u00a0un agente de la Polic\u00eda Local de Florencio Varela\u00a0que fue filmado mientras\u00a0realizaba indicaciones en<\/p>\n","protected":false},"author":1,"featured_media":21393,"comment_status":"closed","ping_status":"closed","sticky":false,"template":"","format":"standard","meta":{"kia_subtitle":"","footnotes":"","jetpack_publicize_message":"","jetpack_publicize_feature_enabled":true,"jetpack_social_post_already_shared":true,"jetpack_social_options":{"image_generator_settings":{"template":"highway","default_image_id":0,"font":"","enabled":false},"version":2}},"categories":[13,35],"tags":[],"class_list":["post-21391","post","type-post","status-publish","format-standard","has-post-thumbnail","hentry","category-region","category-f-varela"],"jetpack_publicize_connections":[],"jetpack_featured_media_url":"https:\/\/laurbedigital.com.ar\/noticias\/wp-content\/uploads\/2020\/01\/20200109-region-florenciovarela-00001.jpg","_links":{"self":[{"href":"https:\/\/laurbedigital.com.ar\/noticias\/wp-json\/wp\/v2\/posts\/21391","targetHints":{"allow":["GET"]}}],"collection":[{"href":"https:\/\/laurbedigital.com.ar\/noticias\/wp-json\/wp\/v2\/posts"}],"about":[{"href":"https:\/\/laurbedigital.com.ar\/noticias\/wp-json\/wp\/v2\/types\/post"}],"author":[{"embeddable":true,"href":"https:\/\/laurbedigital.com.ar\/noticias\/wp-json\/wp\/v2\/users\/1"}],"replies":[{"embeddable":true,"href":"https:\/\/laurbedigital.com.ar\/noticias\/wp-json\/wp\/v2\/comments?post=21391"}],"version-history":[{"count":3,"href":"https:\/\/laurbedigital.com.ar\/noticias\/wp-json\/wp\/v2\/posts\/21391\/revisions"}],"predecessor-version":[{"id":21396,"href":"https:\/\/laurbedigital.com.ar\/noticias\/wp-json\/wp\/v2\/posts\/21391\/revisions\/21396"}],"wp:featuredmedia":[{"embeddable":true,"href":"https:\/\/laurbedigital.com.ar\/noticias\/wp-json\/wp\/v2\/media\/21393"}],"wp:attachment":[{"href":"https:\/\/laurbedigital.com.ar\/noticias\/wp-json\/wp\/v2\/media?parent=21391"}],"wp:term":[{"taxonomy":"category","embeddable":true,"href":"https:\/\/laurbedigital.com.ar\/noticias\/wp-json\/wp\/v2\/categories?post=21391"},{"taxonomy":"post_tag","embeddable":true,"href":"https:\/\/laurbedigital.com.ar\/noticias\/wp-json\/wp\/v2\/tags?post=21391"}],"curies":[{"name":"wp","href":"https:\/\/api.w.org\/{rel}","templated":true}]}}