{"id":21385,"date":"2020-01-09T21:22:03","date_gmt":"2020-01-10T00:22:03","guid":{"rendered":"http:\/\/laurbedigital.com.ar\/noticias\/?p=21385"},"modified":"2020-01-09T21:22:03","modified_gmt":"2020-01-10T00:22:03","slug":"se-nego-declarar-joven-detenido-la-masacre-melchor-romero","status":"publish","type":"post","link":"https:\/\/laurbedigital.com.ar\/noticias\/2020\/01\/09\/se-nego-declarar-joven-detenido-la-masacre-melchor-romero\/","title":{"rendered":"Se neg\u00f3 a declarar el joven detenido por la masacre de Melchor Romero"},"content":{"rendered":"<p>El muchacho, que este jueves cumpli\u00f3 18 a\u00f1os, tom\u00f3 esa actitud el mi\u00e9rcoles a partir del consejo de su abogada, la defensora oficial Raquel Ponzinibio.<br \/>\n<strong><br \/>\nEl joven \u00abExequiel\u00bb, detenido por el\u00a0triple crimen\u00a0de\u00a0Melchor Romero, se neg\u00f3 a declarar al ser citado a indagatoria y qued\u00f3 formalmente procesado por el hecho.<\/strong><\/p>\n<article class=\"article-body\">\n<div class=\"article-content selectionShareable\">\n<div class=\"cuerpo\" data-twitter-link=\"\">\n<p>El muchacho, que este jueves cumpli\u00f3 18 a\u00f1os,<strong>\u00a0tom\u00f3 esa actitud el mi\u00e9rcoles a partir del consejo de su abogada, la defensora oficial Raquel Ponzinibio, al ser citado por la fiscal de Responsabilidad Juvenil de La Plata Carmen Ibarra.<\/strong><\/p>\n<p>El joven qued\u00f3 inmediatamente procesado por el crimen de su madre,\u00a0<strong>Graciela Holsbak, de 54 a\u00f1os; su padrastro, Ra\u00fal Bravo, de la misma edad, y su sobrina Alma, de 5, quienes murieron apu\u00f1alados el 1 de enero pasado.<\/strong><\/p>\n<p>Seg\u00fan indicaron fuentes judiciales al sitio del diario El D\u00eda,\u00a0<strong>el acusado \u00abdice dos palabras y se larga a llorar\u00bb,<\/strong>\u00a0por lo que, a pesar de que peritos indicaron que se encontraba en condiciones de declarar, podr\u00eda volver a ser revisado por psic\u00f3logos y psiquiatras.<\/p>\n<\/div>\n<\/div>\n<\/article>\n","protected":false},"excerpt":{"rendered":"<p>El muchacho, que este jueves cumpli\u00f3 18 a\u00f1os, tom\u00f3 esa actitud el mi\u00e9rcoles a partir del consejo de su abogada,<\/p>\n","protected":false},"author":1,"featured_media":21386,"comment_status":"closed","ping_status":"closed","sticky":false,"template":"","format":"standard","meta":{"kia_subtitle":"","footnotes":"","jetpack_publicize_message":"","jetpack_publicize_feature_enabled":true,"jetpack_social_post_already_shared":true,"jetpack_social_options":{"image_generator_settings":{"template":"highway","default_image_id":0,"font":"","enabled":false},"version":2}},"categories":[8],"tags":[],"class_list":["post-21385","post","type-post","status-publish","format-standard","has-post-thumbnail","hentry","category-policiales"],"jetpack_publicize_connections":[],"jetpack_featured_media_url":"https:\/\/laurbedigital.com.ar\/noticias\/wp-content\/uploads\/2020\/01\/20200109-policiales-melcholromero-00001.jpg","_links":{"self":[{"href":"https:\/\/laurbedigital.com.ar\/noticias\/wp-json\/wp\/v2\/posts\/21385","targetHints":{"allow":["GET"]}}],"collection":[{"href":"https:\/\/laurbedigital.com.ar\/noticias\/wp-json\/wp\/v2\/posts"}],"about":[{"href":"https:\/\/laurbedigital.com.ar\/noticias\/wp-json\/wp\/v2\/types\/post"}],"author":[{"embeddable":true,"href":"https:\/\/laurbedigital.com.ar\/noticias\/wp-json\/wp\/v2\/users\/1"}],"replies":[{"embeddable":true,"href":"https:\/\/laurbedigital.com.ar\/noticias\/wp-json\/wp\/v2\/comments?post=21385"}],"version-history":[{"count":1,"href":"https:\/\/laurbedigital.com.ar\/noticias\/wp-json\/wp\/v2\/posts\/21385\/revisions"}],"predecessor-version":[{"id":21387,"href":"https:\/\/laurbedigital.com.ar\/noticias\/wp-json\/wp\/v2\/posts\/21385\/revisions\/21387"}],"wp:featuredmedia":[{"embeddable":true,"href":"https:\/\/laurbedigital.com.ar\/noticias\/wp-json\/wp\/v2\/media\/21386"}],"wp:attachment":[{"href":"https:\/\/laurbedigital.com.ar\/noticias\/wp-json\/wp\/v2\/media?parent=21385"}],"wp:term":[{"taxonomy":"category","embeddable":true,"href":"https:\/\/laurbedigital.com.ar\/noticias\/wp-json\/wp\/v2\/categories?post=21385"},{"taxonomy":"post_tag","embeddable":true,"href":"https:\/\/laurbedigital.com.ar\/noticias\/wp-json\/wp\/v2\/tags?post=21385"}],"curies":[{"name":"wp","href":"https:\/\/api.w.org\/{rel}","templated":true}]}}