{"id":21177,"date":"2019-12-30T22:11:32","date_gmt":"2019-12-31T01:11:32","guid":{"rendered":"http:\/\/laurbedigital.com.ar\/noticias\/?p=21177"},"modified":"2019-12-30T22:11:32","modified_gmt":"2019-12-31T01:11:32","slug":"ex-intendente-macrista-parana-fue-condenado-narcotrafico","status":"publish","type":"post","link":"https:\/\/laurbedigital.com.ar\/noticias\/2019\/12\/30\/ex-intendente-macrista-parana-fue-condenado-narcotrafico\/","title":{"rendered":"El ex intendente macrista de Paran\u00e1 fue condenado por narcotr\u00e1fico"},"content":{"rendered":"<p>Sergio Varisco fue hallado culpable de realizar \u00abun acuerdo\u00bb en septiembre de 2017 con un narco con el que \u00abse comprometi\u00f3 a entregar 50.000 pesos mensuales para financiar\u00bb la venta de drogas.<\/p>\n<p>El <strong>ex intendente de Paran\u00e1 Sergio Varisco fue condenado a seis a\u00f1os y medio de prisi\u00f3n por narcotr\u00e1fico.<\/strong> Adem\u00e1s, <strong>deber\u00e1 pagar una multa de 200 mil pesos por el delito de comercializaci\u00f3n de estupefacientes. <\/strong><\/p>\n<p>La sentencia fue dada por los jueces Lilia Carnero, Noem\u00ed Berros y Roberto L\u00f3pez Arango.<\/p>\n<p>El fiscal de la causa, Jos\u00e9 Ignacio Candioti, hab\u00eda pedido una condena de 10 a\u00f1os y una multa de 250 mil pesos para el ex intendente.<\/p>\n<p>El ex intendente qued\u00f3 detenido bajo la modalidad domiciliaria hasta que la sentencia quede firme.<\/p>\n<p><strong>Tambi\u00e9n fueron sentenciados la exfuncionaria municipal Griselda Bordeira y el exconcejal Pablo Hern\u00e1ndez, a cinco a\u00f1os cada uno, m\u00e1s una multa de 37.500 pesos cada uno.<\/strong><\/p>\n<p>En tanto, quien fuera la conexi\u00f3n de ambas causas, <strong>Daniel Tavi Celis, fue condenado a 13 a\u00f1os de c\u00e1rcel m\u00e1s una multa de 250 mil pesos; su hermano, Titi Celis, a 8 a\u00f1os, y su ex pareja, Luciana Lemos, a 4 a\u00f1os.<\/strong><\/p>\n","protected":false},"excerpt":{"rendered":"<p>Sergio Varisco fue hallado culpable de realizar \u00abun acuerdo\u00bb en septiembre de 2017 con un narco con el que \u00abse<\/p>\n","protected":false},"author":1,"featured_media":21178,"comment_status":"closed","ping_status":"closed","sticky":false,"template":"","format":"standard","meta":{"kia_subtitle":"","footnotes":"","jetpack_publicize_message":"","jetpack_publicize_feature_enabled":true,"jetpack_social_post_already_shared":true,"jetpack_social_options":{"image_generator_settings":{"template":"highway","default_image_id":0,"font":"","enabled":false},"version":2}},"categories":[3,41],"tags":[],"class_list":["post-21177","post","type-post","status-publish","format-standard","has-post-thumbnail","hentry","category-actualidad","category-nacionales"],"jetpack_publicize_connections":[],"jetpack_featured_media_url":"https:\/\/laurbedigital.com.ar\/noticias\/wp-content\/uploads\/2019\/12\/20191229-policiales00001.jpg","_links":{"self":[{"href":"https:\/\/laurbedigital.com.ar\/noticias\/wp-json\/wp\/v2\/posts\/21177","targetHints":{"allow":["GET"]}}],"collection":[{"href":"https:\/\/laurbedigital.com.ar\/noticias\/wp-json\/wp\/v2\/posts"}],"about":[{"href":"https:\/\/laurbedigital.com.ar\/noticias\/wp-json\/wp\/v2\/types\/post"}],"author":[{"embeddable":true,"href":"https:\/\/laurbedigital.com.ar\/noticias\/wp-json\/wp\/v2\/users\/1"}],"replies":[{"embeddable":true,"href":"https:\/\/laurbedigital.com.ar\/noticias\/wp-json\/wp\/v2\/comments?post=21177"}],"version-history":[{"count":1,"href":"https:\/\/laurbedigital.com.ar\/noticias\/wp-json\/wp\/v2\/posts\/21177\/revisions"}],"predecessor-version":[{"id":21179,"href":"https:\/\/laurbedigital.com.ar\/noticias\/wp-json\/wp\/v2\/posts\/21177\/revisions\/21179"}],"wp:featuredmedia":[{"embeddable":true,"href":"https:\/\/laurbedigital.com.ar\/noticias\/wp-json\/wp\/v2\/media\/21178"}],"wp:attachment":[{"href":"https:\/\/laurbedigital.com.ar\/noticias\/wp-json\/wp\/v2\/media?parent=21177"}],"wp:term":[{"taxonomy":"category","embeddable":true,"href":"https:\/\/laurbedigital.com.ar\/noticias\/wp-json\/wp\/v2\/categories?post=21177"},{"taxonomy":"post_tag","embeddable":true,"href":"https:\/\/laurbedigital.com.ar\/noticias\/wp-json\/wp\/v2\/tags?post=21177"}],"curies":[{"name":"wp","href":"https:\/\/api.w.org\/{rel}","templated":true}]}}