{"id":21039,"date":"2019-12-23T17:25:38","date_gmt":"2019-12-23T20:25:38","guid":{"rendered":"http:\/\/laurbedigital.com.ar\/noticias\/?p=21039"},"modified":"2019-12-23T17:25:38","modified_gmt":"2019-12-23T20:25:38","slug":"encuentran-torso-una-pierna-descampado-e-investigan-pertenecian-una-mujer","status":"publish","type":"post","link":"https:\/\/laurbedigital.com.ar\/noticias\/2019\/12\/23\/encuentran-torso-una-pierna-descampado-e-investigan-pertenecian-una-mujer\/","title":{"rendered":"Encuentran un torso y una pierna en un descampado e investigan si pertenec\u00edan a una mujer"},"content":{"rendered":"<p>Un torso y una pierna totalmente calcinados fueron encontrados en las \u00faltimas horas en un descampado del partido bonaerense de Florencio Varela, y se investiga si pertenec\u00edan a una mujer, informaron hoy fuentes judiciales.<\/p>\n<p>El hallazgo se registr\u00f3 anoche en un predio ubicado en el barrio Villa Argentina, en jurisdicci\u00f3n del mencionado distrito de la zona sur del conurbano.<\/p>\n<p>Fuentes judiciales informaron a T\u00e9lam que un llamado al n\u00famero de emergencias 911 alert\u00f3 sobre la presencia de un torso y una pierna junto a unas bolsas de residuos.<\/p>\n<p>Personal de Polic\u00eda Cient\u00edfica fue convocado al lugar para realizar los peritajes correspondientes y comprob\u00f3 que los restos humanos estaban quemados y en avanzado estado de putrefacci\u00f3n.<\/p>\n<p>Seg\u00fan las fuentes, el torso estaba sin el cr\u00e1neo y ten\u00eda ambos brazos, mientras que solamente hab\u00eda una pierna.<\/p>\n<p>El m\u00e9dico legista examin\u00f3 los restos y cree que por el tama\u00f1o se trataba de una mujer, aunque todav\u00eda no fue confirmado dado el estado en el que se encontraban.<\/p>\n<p>\u00abA pocos metros tambi\u00e9n se hallaron unos anillos lo cual abona la posibilidad de que se trate de una mujer o de una mujer trans\u00bb, dijo a T\u00e9lam un vocero encargado de la pesquisa.<\/p>\n<p>Los investigadores solicitaron a todas las comisar\u00edas de la zona que informen si recibieron de denuncias por \u00abaveriguaci\u00f3n de paradero\u00bb para tratar de identificar a la persona descuartizada.<\/p>\n<p>El hecho es investigado por el fiscal Dar\u00edo Provisionato, a cargo de la Unidad Funcional de Instrucci\u00f3n (UFI) 1 descentralizada en Florencio Varela, Departamento Judicial Quilmes.<\/p>\n","protected":false},"excerpt":{"rendered":"<p>Un torso y una pierna totalmente calcinados fueron encontrados en las \u00faltimas horas en un descampado del partido bonaerense de<\/p>\n","protected":false},"author":1,"featured_media":21040,"comment_status":"closed","ping_status":"closed","sticky":false,"template":"","format":"standard","meta":{"kia_subtitle":"","footnotes":"","jetpack_publicize_message":"","jetpack_publicize_feature_enabled":true,"jetpack_social_post_already_shared":true,"jetpack_social_options":{"image_generator_settings":{"template":"highway","default_image_id":0,"font":"","enabled":false},"version":2}},"categories":[8],"tags":[],"class_list":["post-21039","post","type-post","status-publish","format-standard","has-post-thumbnail","hentry","category-policiales"],"jetpack_publicize_connections":[],"jetpack_featured_media_url":"https:\/\/laurbedigital.com.ar\/noticias\/wp-content\/uploads\/2019\/12\/20191223-policiales00001.jpg","_links":{"self":[{"href":"https:\/\/laurbedigital.com.ar\/noticias\/wp-json\/wp\/v2\/posts\/21039","targetHints":{"allow":["GET"]}}],"collection":[{"href":"https:\/\/laurbedigital.com.ar\/noticias\/wp-json\/wp\/v2\/posts"}],"about":[{"href":"https:\/\/laurbedigital.com.ar\/noticias\/wp-json\/wp\/v2\/types\/post"}],"author":[{"embeddable":true,"href":"https:\/\/laurbedigital.com.ar\/noticias\/wp-json\/wp\/v2\/users\/1"}],"replies":[{"embeddable":true,"href":"https:\/\/laurbedigital.com.ar\/noticias\/wp-json\/wp\/v2\/comments?post=21039"}],"version-history":[{"count":1,"href":"https:\/\/laurbedigital.com.ar\/noticias\/wp-json\/wp\/v2\/posts\/21039\/revisions"}],"predecessor-version":[{"id":21041,"href":"https:\/\/laurbedigital.com.ar\/noticias\/wp-json\/wp\/v2\/posts\/21039\/revisions\/21041"}],"wp:featuredmedia":[{"embeddable":true,"href":"https:\/\/laurbedigital.com.ar\/noticias\/wp-json\/wp\/v2\/media\/21040"}],"wp:attachment":[{"href":"https:\/\/laurbedigital.com.ar\/noticias\/wp-json\/wp\/v2\/media?parent=21039"}],"wp:term":[{"taxonomy":"category","embeddable":true,"href":"https:\/\/laurbedigital.com.ar\/noticias\/wp-json\/wp\/v2\/categories?post=21039"},{"taxonomy":"post_tag","embeddable":true,"href":"https:\/\/laurbedigital.com.ar\/noticias\/wp-json\/wp\/v2\/tags?post=21039"}],"curies":[{"name":"wp","href":"https:\/\/api.w.org\/{rel}","templated":true}]}}