{"id":20832,"date":"2019-12-16T19:14:30","date_gmt":"2019-12-16T22:14:30","guid":{"rendered":"http:\/\/laurbedigital.com.ar\/noticias\/?p=20832"},"modified":"2019-12-16T19:14:30","modified_gmt":"2019-12-16T22:14:30","slug":"la-mesa-enlace-rechazo-tono-amenaza-las-retenciones-agropecuarias","status":"publish","type":"post","link":"https:\/\/laurbedigital.com.ar\/noticias\/2019\/12\/16\/la-mesa-enlace-rechazo-tono-amenaza-las-retenciones-agropecuarias\/","title":{"rendered":"La Mesa de Enlace rechaz\u00f3 en tono de amenaza las retenciones agropecuarias"},"content":{"rendered":"<p>Jorge Chemes, presidente de\u00a0<strong>Confederaciones Rurales Argentinas, ofici\u00f3 de vocero de la Mesa de enlace que mantuvo una reuni\u00f3n tras la cual se dio a conocer el absoluto rechazo a las retenciones al agro.<\/strong><\/p>\n<p>\u00abRechazamos de manera categ\u00f3rica los derechos de exportaci\u00f3n por entender que es un mal impuesto.\u00a0<strong>La medida adoptada por el gobierno fue un mal paso y aplicada de manera inconsulta\u00bb<\/strong>\u00a0afirm\u00f3 Chemes.<br \/>\nEl planteo de la entidad que reune a la Sociedad Rural, CONINAGRO, CRA y Federaci\u00f3n Agraria\u00a0<strong>no se dirige s\u00f3lo contra la medida anunciada por el gobierno sino que plantea su directa y total eliminaci\u00f3n.<\/strong><\/p>\n<p>Chemes reiter\u00f3, en un tono grave y amenazante, que\u00a0<strong>las entidades rurales permanecen en alerta para defender sus intereses al tiempo que reclam\u00f3 conocer en su totalidad el contenido de la Ley de Solidaridad y Reordenamiento productivo.<\/strong><\/p>\n<p>La ley deber\u00eda comenzar a tratarse esta semana en el Congreso en sesiones extraordinarias\u00a0<strong>pero la oposici\u00f3n impide hacerlo por considerar que \u00abdesconoce los alcances de las medidas propuestas\u00bb.<\/strong><\/p>\n<p>La postura de la Mesa de enlace\u00a0<strong>recuerda las expresiones amenazantes de los integrantes del mismo grupo casi doce a\u00f1os atras frente a la aplicaci\u00f3n de la famosa resoluci\u00f3n 125<\/strong><\/p>\n","protected":false},"excerpt":{"rendered":"<p>Jorge Chemes, presidente de\u00a0Confederaciones Rurales Argentinas, ofici\u00f3 de vocero de la Mesa de enlace que mantuvo una reuni\u00f3n tras la<\/p>\n","protected":false},"author":1,"featured_media":20833,"comment_status":"closed","ping_status":"closed","sticky":false,"template":"","format":"standard","meta":{"kia_subtitle":"","footnotes":"","jetpack_publicize_message":"","jetpack_publicize_feature_enabled":true,"jetpack_social_post_already_shared":true,"jetpack_social_options":{"image_generator_settings":{"template":"highway","default_image_id":0,"font":"","enabled":false},"version":2}},"categories":[3,41],"tags":[],"class_list":["post-20832","post","type-post","status-publish","format-standard","has-post-thumbnail","hentry","category-actualidad","category-nacionales"],"jetpack_publicize_connections":[],"jetpack_featured_media_url":"https:\/\/laurbedigital.com.ar\/noticias\/wp-content\/uploads\/2019\/12\/20191216-nac0002.jpg","_links":{"self":[{"href":"https:\/\/laurbedigital.com.ar\/noticias\/wp-json\/wp\/v2\/posts\/20832","targetHints":{"allow":["GET"]}}],"collection":[{"href":"https:\/\/laurbedigital.com.ar\/noticias\/wp-json\/wp\/v2\/posts"}],"about":[{"href":"https:\/\/laurbedigital.com.ar\/noticias\/wp-json\/wp\/v2\/types\/post"}],"author":[{"embeddable":true,"href":"https:\/\/laurbedigital.com.ar\/noticias\/wp-json\/wp\/v2\/users\/1"}],"replies":[{"embeddable":true,"href":"https:\/\/laurbedigital.com.ar\/noticias\/wp-json\/wp\/v2\/comments?post=20832"}],"version-history":[{"count":1,"href":"https:\/\/laurbedigital.com.ar\/noticias\/wp-json\/wp\/v2\/posts\/20832\/revisions"}],"predecessor-version":[{"id":20834,"href":"https:\/\/laurbedigital.com.ar\/noticias\/wp-json\/wp\/v2\/posts\/20832\/revisions\/20834"}],"wp:featuredmedia":[{"embeddable":true,"href":"https:\/\/laurbedigital.com.ar\/noticias\/wp-json\/wp\/v2\/media\/20833"}],"wp:attachment":[{"href":"https:\/\/laurbedigital.com.ar\/noticias\/wp-json\/wp\/v2\/media?parent=20832"}],"wp:term":[{"taxonomy":"category","embeddable":true,"href":"https:\/\/laurbedigital.com.ar\/noticias\/wp-json\/wp\/v2\/categories?post=20832"},{"taxonomy":"post_tag","embeddable":true,"href":"https:\/\/laurbedigital.com.ar\/noticias\/wp-json\/wp\/v2\/tags?post=20832"}],"curies":[{"name":"wp","href":"https:\/\/api.w.org\/{rel}","templated":true}]}}