{"id":20828,"date":"2019-12-16T19:06:56","date_gmt":"2019-12-16T22:06:56","guid":{"rendered":"http:\/\/laurbedigital.com.ar\/noticias\/?p=20828"},"modified":"2019-12-16T19:06:56","modified_gmt":"2019-12-16T22:06:56","slug":"anunciaron-la-rebaja-inmediata-del-8-todos-los-medicamentos","status":"publish","type":"post","link":"https:\/\/laurbedigital.com.ar\/noticias\/2019\/12\/16\/anunciaron-la-rebaja-inmediata-del-8-todos-los-medicamentos\/","title":{"rendered":"Anunciaron la rebaja inmediata del 8% en todos los medicamentos"},"content":{"rendered":"<article class=\"article-body first\">\n<div class=\"article-content selectionShareable\">\n<div class=\"cuerpo\" data-twitter-link=\"\">\n<p>El <strong>Gobierno y<\/strong> las <strong>c\u00e1maras farmac\u00e9uticas acordaron<\/strong> esta tarde en la Casa Rosada rebajar el <strong>8 por ciento<\/strong> y congelar los precios de los medicamentos. Fue en un encuentro encabezado por el presidente Alberto Fern\u00e1ndez y el ministro de Salud, Gin\u00e9s Gonz\u00e1lez Garc\u00eda.<\/p>\n<\/div>\n<\/div>\n<\/article>\n<article class=\"article-body\">\n<div class=\"article-content selectionShareable\">\n<div class=\"cuerpo\" data-twitter-link=\"\">\n<p>Los laboratorios, tanto nacionales como extranjeros, volver\u00e1n a los valores de los remedios al 6 de diciembre y los mantendr\u00e1n congelados al menos hasta el 31 de enero.<\/p>\n<p>Gonz\u00e1lez Garc\u00eda consider\u00f3 que la medida \u201cmejora la capacidad de todos con respecto al acceso a los medicamentos\u201d y valor\u00f3 \u201cla respuesta de la industria que entendi\u00f3 cu\u00e1l es la situaci\u00f3n\u201d.<\/p>\n<p>De la audiencia participaron la C\u00e1mara Empresaria de Laboratorios Farmac\u00e9uticos (Cooperala), la C\u00e1mara Industrial de Laboratorios Farmac\u00e9uticos Argentinos (CILFA) y la C\u00e1mara Argentina de Especialidades Medicinales (CAEME).<\/p>\n<\/div>\n<\/div>\n<\/article>\n","protected":false},"excerpt":{"rendered":"<p>El Gobierno y las c\u00e1maras farmac\u00e9uticas acordaron esta tarde en la Casa Rosada rebajar el 8 por ciento y congelar<\/p>\n","protected":false},"author":1,"featured_media":20830,"comment_status":"closed","ping_status":"closed","sticky":false,"template":"","format":"standard","meta":{"kia_subtitle":"","footnotes":"","jetpack_publicize_message":"","jetpack_publicize_feature_enabled":true,"jetpack_social_post_already_shared":true,"jetpack_social_options":{"image_generator_settings":{"template":"highway","default_image_id":0,"font":"","enabled":false},"version":2}},"categories":[3,41],"tags":[],"class_list":["post-20828","post","type-post","status-publish","format-standard","has-post-thumbnail","hentry","category-actualidad","category-nacionales"],"jetpack_publicize_connections":[],"jetpack_featured_media_url":"https:\/\/laurbedigital.com.ar\/noticias\/wp-content\/uploads\/2019\/12\/20191216-nac0001.jpg","_links":{"self":[{"href":"https:\/\/laurbedigital.com.ar\/noticias\/wp-json\/wp\/v2\/posts\/20828","targetHints":{"allow":["GET"]}}],"collection":[{"href":"https:\/\/laurbedigital.com.ar\/noticias\/wp-json\/wp\/v2\/posts"}],"about":[{"href":"https:\/\/laurbedigital.com.ar\/noticias\/wp-json\/wp\/v2\/types\/post"}],"author":[{"embeddable":true,"href":"https:\/\/laurbedigital.com.ar\/noticias\/wp-json\/wp\/v2\/users\/1"}],"replies":[{"embeddable":true,"href":"https:\/\/laurbedigital.com.ar\/noticias\/wp-json\/wp\/v2\/comments?post=20828"}],"version-history":[{"count":1,"href":"https:\/\/laurbedigital.com.ar\/noticias\/wp-json\/wp\/v2\/posts\/20828\/revisions"}],"predecessor-version":[{"id":20831,"href":"https:\/\/laurbedigital.com.ar\/noticias\/wp-json\/wp\/v2\/posts\/20828\/revisions\/20831"}],"wp:featuredmedia":[{"embeddable":true,"href":"https:\/\/laurbedigital.com.ar\/noticias\/wp-json\/wp\/v2\/media\/20830"}],"wp:attachment":[{"href":"https:\/\/laurbedigital.com.ar\/noticias\/wp-json\/wp\/v2\/media?parent=20828"}],"wp:term":[{"taxonomy":"category","embeddable":true,"href":"https:\/\/laurbedigital.com.ar\/noticias\/wp-json\/wp\/v2\/categories?post=20828"},{"taxonomy":"post_tag","embeddable":true,"href":"https:\/\/laurbedigital.com.ar\/noticias\/wp-json\/wp\/v2\/tags?post=20828"}],"curies":[{"name":"wp","href":"https:\/\/api.w.org\/{rel}","templated":true}]}}