{"id":20825,"date":"2019-12-16T18:52:57","date_gmt":"2019-12-16T21:52:57","guid":{"rendered":"http:\/\/laurbedigital.com.ar\/noticias\/?p=20825"},"modified":"2019-12-16T18:52:57","modified_gmt":"2019-12-16T21:52:57","slug":"ordenan-la-detencion-sacerdote-acusado-abusos-sexuales-adolescentes","status":"publish","type":"post","link":"https:\/\/laurbedigital.com.ar\/noticias\/2019\/12\/16\/ordenan-la-detencion-sacerdote-acusado-abusos-sexuales-adolescentes\/","title":{"rendered":"Ordenan la detenci\u00f3n de sacerdote acusado de abusos sexuales a adolescentes"},"content":{"rendered":"<p>La justicia penal de La Plata orden\u00f3 la detenci\u00f3n del cura Eduardo Lorenzo, acusado de abusar sexualmente de al menos cinco adolescentes que concurr\u00edan a su parroquia, pero la medida no se har\u00e1 efectiva por un recurso de eximici\u00f3n de prisi\u00f3n presentado por su defensa, inform\u00f3 una fuente judicial.<\/p>\n<p>Lorenzo, ex capell\u00e1n del Servicio Penitenciario bonaerense, goza actualmente de una licencia y esta alojado en una dependencia de C\u00e1ritas, apartado del contacto con adolescentes, tal como lo dispuso el Arzobispado de La Plata.<\/p>\n<p>El sacerdote est\u00e1 acusado de corrupci\u00f3n de menores y abuso sexual de al menos cinco adolescentes entre 1990 y el 2008, en una causa que investiga la fiscal de la La Plata, Ana Medina, quien pidi\u00f3 la detenci\u00f3n del cura a la jueza de Garantias platense, Marcela Garmendia.<\/p>\n<p>La defensa del cura hab\u00eda pedido la eximici\u00f3n de prisi\u00f3n del sacerdote por lo que Garmendia debi\u00f3 resolver ambos planteos y tras rechazar la eximici\u00f3n de prisi\u00f3n del sacerdote, orden\u00f3 su detenci\u00f3n.<\/p>\n<p>Una fuente judicial explic\u00f3 que \u00abal no estar firme la denegatoria del pedido de eximici\u00f3n de prisi\u00f3n, ya que a\u00fan queda al sacerdote la instancia de ir a la C\u00e1mara Penal con ese planteo, la orden de detenci\u00f3n no se efectiviza\u00bb.<\/p>\n<p>Los cinco hombres que brindaron testimonio ante la fiscal Medina relataron, con mucha angustia a pesar del tiempo transcurrido, un similar modus operandi de parte de Lorenzo para perpetrar los il\u00eccitos.<\/p>\n<p>El cura se mostraba muy amistoso con los adolescentes de entre 13 y 15 a\u00f1os que concurr\u00edan a la Iglesia San Jos\u00e9 Obrero de Berisso y a la Parroquia Inmaculada Madre de Dios de la localidad platense de Gonnet.<\/p>\n<p>El \u00faltimo hombre que se present\u00f3 en la fiscal\u00eda, semanas atr\u00e1s, record\u00f3 que Lorenzo \u00bb me ped\u00eda que le hiciera masajes en los pies, o en la espalda, en su cama grande y comenzaba a refregarse contra mi\u00bb.<\/p>\n<p>El sacerdote fue sometido semanas atr\u00e1s a pericias psicol\u00f3gicas en la Asesor\u00eda Pericial de La Plata, cuyos peritos concluyeron que Lorenzo \u00abposee una personaldiad con caracter\u00edsticas de manipulaci\u00f3n, elevado autocentramiento y egocentrismo, con escasa autocr\u00edtica y autobservaci\u00f3n impregnada de rasgos nacis\u00edsticos\u00bb.<\/p>\n<p>\u00abSu organizaci\u00f3n ps\u00edquica resulta compleja (&#8230;) y una imagen de s\u00ed mismo grandilocuente, que encubre una personalidad psicop\u00e1tica perversa de la personalidad .<\/p>\n<p>Ante los peritos, Lorenzo asegur\u00f3 que \u00abno soy un \u00e1ngel, no me cuesta enojarme\u00bb, pero en ning\u00fan momento reconoci\u00f3 que su desempe\u00f1o sacerdotal haya sido objeto de cuestionamientos por los motivos que se le imputan y procur\u00f3 destacar el buen v\u00ednculo con las familias y los hijos de \u00e9stas que concurr\u00edan a las parroquias donde se desempe\u00f1\u00f3.<\/p>\n<p>El abogado Juan Pablo Gallego, defensor de una de las v\u00edctimas, asegur\u00f3 que la no efectivizaci\u00f3n de prisi\u00f3n \u00abes de gravedad institucional y un esc\u00e1ndalo de magnitud\u00bb porque \u00abse facilita la continuidad de la impunidad de Lorenzo\u00bb.<\/p>\n<p>\u00abEsta grave desidia, negligencia y re victimizaci\u00f3n de las v\u00edctimas acarrear\u00e1 la responsabilidad institucional del Estado argentino, firmante de la Convenci\u00f3n de los Derechos del Ni\u00f1o y de la Convenci\u00f3n Internacional de los Derechos Humanos\u00bb, detall\u00f3 el abogado.<\/p>\n<p>Y agreg\u00f3: \u00abCada hora de Lorenzo en libertad es un nuevo cap\u00edtulo de la verg\u00fcenza de la Justicia argentina\u00bb.<\/p>\n","protected":false},"excerpt":{"rendered":"<p>La justicia penal de La Plata orden\u00f3 la detenci\u00f3n del cura Eduardo Lorenzo, acusado de abusar sexualmente de al menos<\/p>\n","protected":false},"author":1,"featured_media":20827,"comment_status":"closed","ping_status":"closed","sticky":false,"template":"","format":"standard","meta":{"kia_subtitle":"","footnotes":"","jetpack_publicize_message":"","jetpack_publicize_feature_enabled":true,"jetpack_social_post_already_shared":true,"jetpack_social_options":{"image_generator_settings":{"template":"highway","default_image_id":0,"font":"","enabled":false},"version":2}},"categories":[8],"tags":[],"class_list":["post-20825","post","type-post","status-publish","format-standard","has-post-thumbnail","hentry","category-policiales"],"jetpack_publicize_connections":[],"jetpack_featured_media_url":"https:\/\/laurbedigital.com.ar\/noticias\/wp-content\/uploads\/2019\/12\/20191216-policiales0001.jpg","_links":{"self":[{"href":"https:\/\/laurbedigital.com.ar\/noticias\/wp-json\/wp\/v2\/posts\/20825","targetHints":{"allow":["GET"]}}],"collection":[{"href":"https:\/\/laurbedigital.com.ar\/noticias\/wp-json\/wp\/v2\/posts"}],"about":[{"href":"https:\/\/laurbedigital.com.ar\/noticias\/wp-json\/wp\/v2\/types\/post"}],"author":[{"embeddable":true,"href":"https:\/\/laurbedigital.com.ar\/noticias\/wp-json\/wp\/v2\/users\/1"}],"replies":[{"embeddable":true,"href":"https:\/\/laurbedigital.com.ar\/noticias\/wp-json\/wp\/v2\/comments?post=20825"}],"version-history":[{"count":1,"href":"https:\/\/laurbedigital.com.ar\/noticias\/wp-json\/wp\/v2\/posts\/20825\/revisions"}],"predecessor-version":[{"id":20826,"href":"https:\/\/laurbedigital.com.ar\/noticias\/wp-json\/wp\/v2\/posts\/20825\/revisions\/20826"}],"wp:featuredmedia":[{"embeddable":true,"href":"https:\/\/laurbedigital.com.ar\/noticias\/wp-json\/wp\/v2\/media\/20827"}],"wp:attachment":[{"href":"https:\/\/laurbedigital.com.ar\/noticias\/wp-json\/wp\/v2\/media?parent=20825"}],"wp:term":[{"taxonomy":"category","embeddable":true,"href":"https:\/\/laurbedigital.com.ar\/noticias\/wp-json\/wp\/v2\/categories?post=20825"},{"taxonomy":"post_tag","embeddable":true,"href":"https:\/\/laurbedigital.com.ar\/noticias\/wp-json\/wp\/v2\/tags?post=20825"}],"curies":[{"name":"wp","href":"https:\/\/api.w.org\/{rel}","templated":true}]}}