{"id":20727,"date":"2019-12-12T14:06:12","date_gmt":"2019-12-12T17:06:12","guid":{"rendered":"http:\/\/laurbedigital.com.ar\/noticias\/?p=20727"},"modified":"2019-12-12T14:06:12","modified_gmt":"2019-12-12T17:06:12","slug":"pre-chacarera-2020-brillo-burzaco","status":"publish","type":"post","link":"https:\/\/laurbedigital.com.ar\/noticias\/2019\/12\/12\/pre-chacarera-2020-brillo-burzaco\/","title":{"rendered":"El \u201cPre Chacarera 2020\u201d brill\u00f3 en Burzaco"},"content":{"rendered":"<p>Con m\u00e1s de 300 artistas inscriptos, el certamen se llev\u00f3 a cabo en el Centro Cultural Enrique Santos Disc\u00e9polo, ubicado en la localidad de Burzaco.<\/p>\n<p>Grupos musicales, solistas y ballets de danza compitieron por un lugar en la gran final que se llevar\u00e1 a cabo el 2 de enero de 2020 en la ciudad de Santiago del Estero.<\/p>\n<p>Quienes logren ganar la \u00faltima instancia podr\u00e1n presentarse en el anfiteatro de la reconocida Plaza A\u00f1oranza, en donde cada a\u00f1o se lleva a cabo el festival que este a\u00f1o celebra sus 49 a\u00f1os.<\/p>\n<p><b>Los ganadores<\/b><\/p>\n<p>Los ganadores fueron en el \u201cSolista Vocal\u201d, Amelia Mart\u00edn, Roc\u00edo G\u00f3mez y Carlos Sonkoy Peralta; en \u201cTema In\u00e9dito\u201d, el ganador fue \u00abReflejos del hombre\u00bb, de Caminante Conurbano; en \u201cVidala\u201d, Melisa Ledesma; \u201cConjunto Vocal\u201d, El Grito Folklore; \u201cPareja de Chacarera\u201d, las parejas Batalla &#8211; Pereyra y Ledesma \u2013 Alegre; mientras que \u201cChacarera Argumental\u201d, fuer para los ballets \u201cFlor de Amankay\u201d y \u201cCautivos de la Danza\u201d.<\/p>\n<p>Como parte de las acciones de difusi\u00f3n de la cultura santiague\u00f1a que se desarrollan desde el festival, durante las dos jornadas en la que se realiz\u00f3 el selectivo, se desarrollaron charla sobre la chacarera, la vida de Agust\u00edn Carabajal y los aportes de Elpidio Herrera a la m\u00fasica popular. Adem\u00e1s hubo clases de danza, a cargo del profesor Miguel Serrano.<\/p>\n<p>Cabe se\u00f1alar que Festival de la Chacarera ser\u00e1 el primer evento del a\u00f1o en el que se rendir\u00e1 tributo al Bicentenario de la Autonom\u00eda de Santiago del Estero, que se conmemora el pr\u00f3ximo 2020.<\/p>\n","protected":false},"excerpt":{"rendered":"<p>Con m\u00e1s de 300 artistas inscriptos, el certamen se llev\u00f3 a cabo en el Centro Cultural Enrique Santos Disc\u00e9polo, ubicado<\/p>\n","protected":false},"author":1,"featured_media":20728,"comment_status":"closed","ping_status":"closed","sticky":false,"template":"","format":"standard","meta":{"kia_subtitle":"","footnotes":"","jetpack_publicize_message":"","jetpack_publicize_feature_enabled":true,"jetpack_social_post_already_shared":true,"jetpack_social_options":{"image_generator_settings":{"template":"highway","default_image_id":0,"font":"","enabled":false},"version":2}},"categories":[5],"tags":[],"class_list":["post-20727","post","type-post","status-publish","format-standard","has-post-thumbnail","hentry","category-cultura"],"jetpack_publicize_connections":[],"jetpack_featured_media_url":"https:\/\/laurbedigital.com.ar\/noticias\/wp-content\/uploads\/2019\/12\/20191212-cutura0001.jpg","_links":{"self":[{"href":"https:\/\/laurbedigital.com.ar\/noticias\/wp-json\/wp\/v2\/posts\/20727","targetHints":{"allow":["GET"]}}],"collection":[{"href":"https:\/\/laurbedigital.com.ar\/noticias\/wp-json\/wp\/v2\/posts"}],"about":[{"href":"https:\/\/laurbedigital.com.ar\/noticias\/wp-json\/wp\/v2\/types\/post"}],"author":[{"embeddable":true,"href":"https:\/\/laurbedigital.com.ar\/noticias\/wp-json\/wp\/v2\/users\/1"}],"replies":[{"embeddable":true,"href":"https:\/\/laurbedigital.com.ar\/noticias\/wp-json\/wp\/v2\/comments?post=20727"}],"version-history":[{"count":1,"href":"https:\/\/laurbedigital.com.ar\/noticias\/wp-json\/wp\/v2\/posts\/20727\/revisions"}],"predecessor-version":[{"id":20729,"href":"https:\/\/laurbedigital.com.ar\/noticias\/wp-json\/wp\/v2\/posts\/20727\/revisions\/20729"}],"wp:featuredmedia":[{"embeddable":true,"href":"https:\/\/laurbedigital.com.ar\/noticias\/wp-json\/wp\/v2\/media\/20728"}],"wp:attachment":[{"href":"https:\/\/laurbedigital.com.ar\/noticias\/wp-json\/wp\/v2\/media?parent=20727"}],"wp:term":[{"taxonomy":"category","embeddable":true,"href":"https:\/\/laurbedigital.com.ar\/noticias\/wp-json\/wp\/v2\/categories?post=20727"},{"taxonomy":"post_tag","embeddable":true,"href":"https:\/\/laurbedigital.com.ar\/noticias\/wp-json\/wp\/v2\/tags?post=20727"}],"curies":[{"name":"wp","href":"https:\/\/api.w.org\/{rel}","templated":true}]}}