{"id":20721,"date":"2019-12-12T13:32:44","date_gmt":"2019-12-12T16:32:44","guid":{"rendered":"http:\/\/laurbedigital.com.ar\/noticias\/?p=20721"},"modified":"2019-12-12T13:32:44","modified_gmt":"2019-12-12T16:32:44","slug":"mayra-mendoza-poner-quilmes-sintonia-provincia-nacion-no-proyecto-local-sin-proyecto-nacional","status":"publish","type":"post","link":"https:\/\/laurbedigital.com.ar\/noticias\/2019\/12\/12\/mayra-mendoza-poner-quilmes-sintonia-provincia-nacion-no-proyecto-local-sin-proyecto-nacional\/","title":{"rendered":"Mayra Mendoza: \u201cVamos a poner a Quilmes en sinton\u00eda con Provincia y Naci\u00f3n porque no hay proyecto local sin proyecto nacional\u201d"},"content":{"rendered":"<div class=\"itemIntroText\">\n<p>Con la presencia de la vicepresidenta de la Naci\u00f3n, Cristina Fern\u00e1ndez de Kirchner, <strong>Mayra Mendoza asumi\u00f3<\/strong> su primer mandato como intendenta de Quilmes en el edificio municipal.<\/p>\n<\/div>\n<div class=\"itemFullText\">\n<p><strong>Mendoza jur\u00f3 \u201cpor N\u00e9stor y Cristina, por la militancia y por el pueblo de Quilmes\u201d<\/strong>, y afirm\u00f3: \u201cvamos a poner a Quilmes en sinton\u00eda con Provincia y Naci\u00f3n porque no hay proyecto local sin proyecto nacional. Recorrimos cada casa, cada barrio y los vecinos se convencieron que hab\u00eda posibilidad de un gobierno distinto, que reconstruya derechos\u201d.<\/p>\n<p>\u201cNo fue magia lo que pas\u00f3 de 2003 a 2015, ni va a ser magia lo que hagamos aqu\u00ed en este distrito. Los convoco a que, con amor, transformemos la historia de Quilmes\u201d, asegur\u00f3.<\/p>\n<p>\u201cGracias Cristina por no habernos dejados solos nunca. Porque aquel 9 de diciembre dijiste que iba a pasar lo que quisi\u00e9ramos que pase, y que nunca nos ibas a dejar solos y no lo hiciste\u201d, concluy\u00f3 la intendenta.<\/p>\n<p>Luego,\u00a0<strong>Cristina Fern\u00e1ndez de Kirchner<\/strong>, expres\u00f3: \u00abEstoy contenta, y si Mayra est\u00e1 emocionada, yo lo estoy m\u00e1s. Cuando construimos Unidad Ciudadana, que fue el punto de partida de este Frente de Todos, que ayer se hizo cargo de este pa\u00eds, vine a un comedor, merendero, en Milagro del Monte, y cuando sal\u00ed vimos un edificio, que era la Muni, donde con Mayra so\u00f1\u00e1bamos que ella pudiera ser intendenta\u201d.<\/p>\n<p>\u00abCuando uno charlaba con Mayra, cada dos palabras siempre estaba Quilmes. Cualquier conversaci\u00f3n terminaba con Mayra hablando de Quilmes, de lo que habr\u00eda que hacer, de lo que sufr\u00eda la gente\u00bb, resalt\u00f3 la vicepresidenta de la Naci\u00f3n, y sostuvo: \u201cPuedo decir con justicia que Quilmes es la obsesi\u00f3n de Mayra\u00bb.<\/p>\n<\/div>\n","protected":false},"excerpt":{"rendered":"<p>Con la presencia de la vicepresidenta de la Naci\u00f3n, Cristina Fern\u00e1ndez de Kirchner, Mayra Mendoza asumi\u00f3 su primer mandato como<\/p>\n","protected":false},"author":1,"featured_media":20722,"comment_status":"closed","ping_status":"closed","sticky":false,"template":"","format":"standard","meta":{"kia_subtitle":"","footnotes":"","jetpack_publicize_message":"","jetpack_publicize_feature_enabled":true,"jetpack_social_post_already_shared":true,"jetpack_social_options":{"image_generator_settings":{"template":"highway","default_image_id":0,"font":"","enabled":false},"version":2}},"categories":[13,57],"tags":[],"class_list":["post-20721","post","type-post","status-publish","format-standard","has-post-thumbnail","hentry","category-region","category-quilmes"],"jetpack_publicize_connections":[],"jetpack_featured_media_url":"https:\/\/laurbedigital.com.ar\/noticias\/wp-content\/uploads\/2019\/12\/20191212-region0001.jpg","_links":{"self":[{"href":"https:\/\/laurbedigital.com.ar\/noticias\/wp-json\/wp\/v2\/posts\/20721","targetHints":{"allow":["GET"]}}],"collection":[{"href":"https:\/\/laurbedigital.com.ar\/noticias\/wp-json\/wp\/v2\/posts"}],"about":[{"href":"https:\/\/laurbedigital.com.ar\/noticias\/wp-json\/wp\/v2\/types\/post"}],"author":[{"embeddable":true,"href":"https:\/\/laurbedigital.com.ar\/noticias\/wp-json\/wp\/v2\/users\/1"}],"replies":[{"embeddable":true,"href":"https:\/\/laurbedigital.com.ar\/noticias\/wp-json\/wp\/v2\/comments?post=20721"}],"version-history":[{"count":1,"href":"https:\/\/laurbedigital.com.ar\/noticias\/wp-json\/wp\/v2\/posts\/20721\/revisions"}],"predecessor-version":[{"id":20723,"href":"https:\/\/laurbedigital.com.ar\/noticias\/wp-json\/wp\/v2\/posts\/20721\/revisions\/20723"}],"wp:featuredmedia":[{"embeddable":true,"href":"https:\/\/laurbedigital.com.ar\/noticias\/wp-json\/wp\/v2\/media\/20722"}],"wp:attachment":[{"href":"https:\/\/laurbedigital.com.ar\/noticias\/wp-json\/wp\/v2\/media?parent=20721"}],"wp:term":[{"taxonomy":"category","embeddable":true,"href":"https:\/\/laurbedigital.com.ar\/noticias\/wp-json\/wp\/v2\/categories?post=20721"},{"taxonomy":"post_tag","embeddable":true,"href":"https:\/\/laurbedigital.com.ar\/noticias\/wp-json\/wp\/v2\/tags?post=20721"}],"curies":[{"name":"wp","href":"https:\/\/api.w.org\/{rel}","templated":true}]}}